{"id":85080,"date":"2016-04-26T14:29:06","date_gmt":"2016-04-26T17:29:06","guid":{"rendered":"http:\/\/www.redenoticia.com.br\/noticia\/?p=85080"},"modified":"2016-04-26T20:02:53","modified_gmt":"2016-04-26T23:02:53","slug":"novela-cuidado-com-o-anjo-resumo-2704-miguel-ve-malu-e-fica-desconcertado","status":"publish","type":"post","link":"https:\/\/migracao.redenoticia.com.br\/noticia\/2016\/novela-cuidado-com-o-anjo-resumo-2704-miguel-ve-malu-e-fica-desconcertado\/85080","title":{"rendered":"Novela \u201cCuidado com o Anjo\u201d resumo 27\/04: Miguel v\u00ea Mal\u00fa e fica desconcertado"},"content":{"rendered":"<p> <img loading=\"lazy\" decoding=\"async\" src=\"https:\/\/migracao.redenoticia.com.br\/noticia\/imagens\/cuidado-com-o-anjo-novela-resumo-capitulo-sbt-episodio-150x112.jpg\" alt=\"cuidado com o anjo novela resumo capitulo sbt episodio\" width=\"150\" height=\"112\" class=\"alignleft size-thumbnail wp-image-82049\" srcset=\"https:\/\/migracao.redenoticia.com.br\/noticia\/imagens\/cuidado-com-o-anjo-novela-resumo-capitulo-sbt-episodio-150x112.jpg 150w, https:\/\/migracao.redenoticia.com.br\/noticia\/imagens\/cuidado-com-o-anjo-novela-resumo-capitulo-sbt-episodio-265x198.jpg 265w\" sizes=\"auto, (max-width: 150px) 100vw, 150px\" \/><strong><em>Novela \u201cCuidado com o Anjo\u201d resumo 27\/04<\/em><\/strong>: Rafael ensina Mal\u00fa a andar pelas ruas somente com a ajuda de seu c\u00e3o guia e a bengala. Mal\u00fa sente orgulho e se emociona com seu pr\u00f3prio progresso. Mais tarde, Mal\u00fa come\u00e7a seu curso de fisioterapia na Associa\u00e7\u00e3o de Cegos. Ao mesmo tempo, Jo\u00e3o Miguel decide oferecer seus servi\u00e7os de oftalmologista na mesma Associa\u00e7\u00e3o e est\u00e1 prestes a se encontrar com Mal\u00fa. Enquanto Jo\u00e3o Miguel percorre as instala\u00e7\u00f5es da Institui\u00e7\u00e3o, Mal\u00fa conta a Rafael que teve um estranho pressentimento. Rafael se afasta de Mal\u00fa, Jo\u00e3o Miguel a v\u00ea e fica desconcertado.<\/p>\n<p>No capitulo 108(*), novela \u201cCuidado com o Anjo\u201d, quarta-feira, 27 de abril \u2013 enquanto Jo\u00e3o Miguel percorre as instala\u00e7\u00f5es da Institui\u00e7\u00e3o, Mal\u00fa conta a Rafael que teve um estranho pressentimento. Rafael se afasta de Mal\u00fa, Jo\u00e3o Miguel a v\u00ea e fica desconcertado.\u00a0Jo\u00e3o Miguel comenta com a diretora da Associa\u00e7\u00e3o que conhece Mal\u00fa. Patr\u00edcio d\u00e1 flores a Cec\u00edlia e se desculpa. Beatriz est\u00e1 no parque com o filho, quando Amador se aproxima do beb\u00ea. Mal\u00fa sofre um desmaio e Jo\u00e3o Miguel a socorre. Rafael ouve quando Jo\u00e3o Miguel diz a Mal\u00fa que a ama e chora em sil\u00eancio. Ana J\u00falia tenta colocar Tininha contra Mal\u00fa alegando que ela n\u00e3o permitir\u00e1 que continue vendo seu irm\u00e3ozinho. Mal\u00fa recobra a consci\u00eancia, mas n\u00e3o fica sabendo que foi Jo\u00e3o Miguel quem cuidou dela. Ana J\u00falia revela a Amador que pretende se livrar de Tininha para ficar com Jo\u00e3o Miguel. Eduardo diz a Beatriz que juntos lutar\u00e3o contra Amador. <\/p>\n<p>Jo\u00e3o Miguel explica que pretende se aproximar de Mal\u00fa usando identidade falsa para que possa oper\u00e1-la e a diretora da Associa\u00e7\u00e3o lembra que precisar\u00e1 da autoriza\u00e7\u00e3o do juiz Velarde. Mal\u00fa diz a Rafael que adoeceu por causa do rancor que sente por Jo\u00e3o Miguel. Amador e Ana J\u00falia fazem planos contra Mal\u00fa e o filho de Beatriz. Patr\u00edcio e Cec\u00edlia chegam \u00e0 Associa\u00e7\u00e3o e pedem para ver a filha. Deprimida, Mal\u00fa pede aos pais que prometam que nunca a deixar\u00e3o sozinha. Jo\u00e3o Miguel procura o juiz, Velarde, e pede autoriza\u00e7\u00e3o para operar Mal\u00fa, para lhe devolver a vis\u00e3o. Luiza tenta convencer Beatriz a n\u00e3o procurar Amador por que \u00e9 um homem muito perigoso. Ana J\u00falia, disfar\u00e7ando a voz, telefona para Beatriz e diz que seu marido tem uma amante. O delegado Cimarro procura Jo\u00e3o Miguel e fala que s\u00f3 ele poder\u00e1 ajudar seu filho. <\/p>\n<p>Ana J\u00falia atormenta padre Anselmo e lembra o religioso que n\u00e3o poder\u00e1 contar a ningu\u00e9m o que ouviu em segredo de confiss\u00e3o. Rafael \u00e9 o filho do delegado e este pede a ele que se submeta a uma cirurgia inovadora para recuperar a vis\u00e3o. Padre Anselmo tenta falar com Mal\u00fa sobre Jo\u00e3o Miguel, mas ela se nega. Enciumada, Beatriz acusa uma das pacientes do marido de ser sua amante. Cec\u00edlia tenta convencer Patr\u00edcio a aceitar a oferta de Jo\u00e3o Miguel, mas ele est\u00e1 decidido a afastar a filha do ex- marido. Mal\u00fa se queixa de fortes dores de cabe\u00e7a.<\/p>\n<p>(*) edi\u00e7\u00e3o do SBT, Novela \u201cCuidado com o Anjo\u201d, sujeito a altera\u00e7\u00e3o de data e conte\u00fado.<\/p>\n","protected":false},"excerpt":{"rendered":"<p>Novela \u201cCuidado com o Anjo\u201d resumo 27\/04: Rafael ensina Mal\u00fa a andar pelas ruas somente com a ajuda de seu c\u00e3o guia e a bengala. Mal\u00fa sente orgulho e se emociona com seu pr\u00f3prio progresso. Mais tarde, Mal\u00fa come\u00e7a seu curso de fisioterapia na Associa\u00e7\u00e3o de Cegos. Ao mesmo tempo, Jo\u00e3o Miguel decide oferecer seus [&hellip;]<\/p>\n","protected":false},"author":2,"featured_media":82049,"comment_status":"open","ping_status":"closed","sticky":false,"template":"","format":"standard","meta":{"tdm_status":"","tdm_grid_status":"","footnotes":""},"categories":[379,372,343],"tags":[441],"class_list":{"0":"post-85080","1":"post","2":"type-post","3":"status-publish","4":"format-standard","5":"has-post-thumbnail","7":"category-novelas","8":"category-sbt","9":"category-televisao","10":"tag-resumo-do-dia"},"_links":{"self":[{"href":"https:\/\/migracao.redenoticia.com.br\/noticia\/wp-json\/wp\/v2\/posts\/85080","targetHints":{"allow":["GET"]}}],"collection":[{"href":"https:\/\/migracao.redenoticia.com.br\/noticia\/wp-json\/wp\/v2\/posts"}],"about":[{"href":"https:\/\/migracao.redenoticia.com.br\/noticia\/wp-json\/wp\/v2\/types\/post"}],"author":[{"embeddable":true,"href":"https:\/\/migracao.redenoticia.com.br\/noticia\/wp-json\/wp\/v2\/users\/2"}],"replies":[{"embeddable":true,"href":"https:\/\/migracao.redenoticia.com.br\/noticia\/wp-json\/wp\/v2\/comments?post=85080"}],"version-history":[{"count":0,"href":"https:\/\/migracao.redenoticia.com.br\/noticia\/wp-json\/wp\/v2\/posts\/85080\/revisions"}],"wp:featuredmedia":[{"embeddable":true,"href":"https:\/\/migracao.redenoticia.com.br\/noticia\/wp-json\/wp\/v2\/media\/82049"}],"wp:attachment":[{"href":"https:\/\/migracao.redenoticia.com.br\/noticia\/wp-json\/wp\/v2\/media?parent=85080"}],"wp:term":[{"taxonomy":"category","embeddable":true,"href":"https:\/\/migracao.redenoticia.com.br\/noticia\/wp-json\/wp\/v2\/categories?post=85080"},{"taxonomy":"post_tag","embeddable":true,"href":"https:\/\/migracao.redenoticia.com.br\/noticia\/wp-json\/wp\/v2\/tags?post=85080"}],"curies":[{"name":"wp","href":"https:\/\/api.w.org\/{rel}","templated":true}]}}