{"id":85082,"date":"2016-04-26T14:33:07","date_gmt":"2016-04-26T17:33:07","guid":{"rendered":"http:\/\/www.redenoticia.com.br\/noticia\/?p=85082"},"modified":"2016-04-26T14:33:07","modified_gmt":"2016-04-26T17:33:07","slug":"novela-abismo-da-paixao-resumo-2704-elisa-e-damiao-se-beijam","status":"publish","type":"post","link":"https:\/\/migracao.redenoticia.com.br\/noticia\/2016\/novela-abismo-da-paixao-resumo-2704-elisa-e-damiao-se-beijam\/85082","title":{"rendered":"Novela \u201cAbismo da Paix\u00e3o\u201d resumo 27\/04: Elisa e Dami\u00e3o se beijam"},"content":{"rendered":"<p> <img loading=\"lazy\" decoding=\"async\" class=\"alignleft size-thumbnail wp-image-81978\" src=\"https:\/\/migracao.redenoticia.com.br\/noticia\/imagens\/abismo_de_paixao_sbt_resumo_novela-150x112.jpg\" alt=\"abismo_de_paixao_sbt_resumo_novela\" width=\"150\" height=\"112\" srcset=\"https:\/\/migracao.redenoticia.com.br\/noticia\/imagens\/abismo_de_paixao_sbt_resumo_novela-150x112.jpg 150w, https:\/\/migracao.redenoticia.com.br\/noticia\/imagens\/abismo_de_paixao_sbt_resumo_novela-265x198.jpg 265w\" sizes=\"auto, (max-width: 150px) 100vw, 150px\" \/><strong><em>Novela \u201cAbismo da Paix\u00e3o\u201d resumo 27\/04<\/em><\/strong>: Elisa chega na festa da fazenda Arango. Paulo a tira para dan\u00e7ar. Ela resiste, mas aceita. No meio da festa, Dami\u00e3o entrega um anel a Flor\u00eancia e, chateada, Elisa se retira. Um tempo depois Dami\u00e3o a encontra e eles se beijam. Chorando, Elisa diz que ele um homem comprometido, portanto n\u00e3o deveria beij\u00e1-la. Mais tarde, Dolores diz a Elisa que ela foi \u00e0 sensa\u00e7\u00e3o da festa, pois nunca haveria outra mulher t\u00e3o bonita como ela no recinto. Dolores questiona Elisa se Dami\u00e3o a disse algo. Ela responde que n\u00e3o quer falar dele. No outro dia, Elisa diz a Paloma que Dami\u00e3o a beijou e logo em seguida se desculpou, dizendo que era apenas um impulso. Paloma reitera que talvez Dami\u00e3o tenha o feito, pois na verdade Elisa o interessa, e talvez ele nem se case. Elisa diz que isso jamais ocorreria.<\/p>\n<p>No cap\u00edtulo 023 (*), novela \u201cAbismo da Paix\u00e3o\u201d, quarta-feira, 27 de abril \u2013 Guido anuncia o compromisso entre Dami\u00e3o e Flor\u00eancia. Elisa, ao ver que Dami\u00e3o entregar um anel a Flor\u00eancia, sai da festa. Um tempo depois Dami\u00e3o a encontra e eles se beijam. Chorando, Elisa diz que ele um homem comprometido, portanto n\u00e3o deveria beij\u00e1-la. Augusto chega a fazenda Arango e esbofeteia Elisa em frente a todos. Elisa diz a seu pai que est\u00e1 na festa, pois a pr\u00f3pria Almerinda a convidou e disse que assim elas melhorariam as rela\u00e7\u00f5es entre as fam\u00edlias e abririam a porta para uma poss\u00edvel negocia\u00e7\u00e3o entre as fam\u00edlias. <\/p>\n<p>Augusto responde que n\u00e3o precisa da ajuda de nenhum Arango. Dolores diz a Elisa que ela foi a sensa\u00e7\u00e3o da festa, pois nunca haveria outra mulher t\u00e3o bonita como ela no recinto. Dolores questiona Elisa se Dami\u00e3o a disse algo. Elisa responde que n\u00e3o quer falar dele. Almerinda diz a Flor\u00eancia que Dami\u00e3o est\u00e1 muito estranho. Flor\u00eancia responde que ele ficou assim justamente quando Elisa desapareceu da festa. Almerinda pensa que foi um erro convidar Elisa. Br\u00e1ulio se zanga ao ver Ramiro na cozinha, atr\u00e1s de Antonia. <\/p>\n<p>Br\u00e1ulio diz a Antonia que n\u00e3o gosta da maneira como Ramiro se expressa a ela, e que espera que ela n\u00e3o o tenha dado motivos para tal. Antonia diz a Br\u00e1ulio que a zanga que ele pense tantas bobagens. Elisa diz a Paloma que Dami\u00e3o a beijou e logo em seguida se desculpou, dizendo que era apenas um impulso. Paloma reitera que talvez Dami\u00e3o tenha o feito, pois na verdade Elisa o interessa, e talvez ele nem se case. Elisa diz que isso jamais ocorreria.<\/p>\n<p>(*) edi\u00e7\u00e3o do SBT, Novela \u201cAbismo da Paix\u00e3o\u201d, sujeito a altera\u00e7\u00e3o de data e conte\u00fado.<\/p>\n","protected":false},"excerpt":{"rendered":"<p>Novela \u201cAbismo da Paix\u00e3o\u201d resumo 27\/04: Elisa chega na festa da fazenda Arango. Paulo a tira para dan\u00e7ar. Ela resiste, mas aceita. No meio da festa, Dami\u00e3o entrega um anel a Flor\u00eancia e, chateada, Elisa se retira. Um tempo depois Dami\u00e3o a encontra e eles se beijam. Chorando, Elisa diz que ele um homem comprometido, [&hellip;]<\/p>\n","protected":false},"author":2,"featured_media":81978,"comment_status":"open","ping_status":"closed","sticky":false,"template":"","format":"standard","meta":{"tdm_status":"","tdm_grid_status":"","footnotes":""},"categories":[379,372,343],"tags":[441],"class_list":{"0":"post-85082","1":"post","2":"type-post","3":"status-publish","4":"format-standard","5":"has-post-thumbnail","7":"category-novelas","8":"category-sbt","9":"category-televisao","10":"tag-resumo-do-dia"},"_links":{"self":[{"href":"https:\/\/migracao.redenoticia.com.br\/noticia\/wp-json\/wp\/v2\/posts\/85082","targetHints":{"allow":["GET"]}}],"collection":[{"href":"https:\/\/migracao.redenoticia.com.br\/noticia\/wp-json\/wp\/v2\/posts"}],"about":[{"href":"https:\/\/migracao.redenoticia.com.br\/noticia\/wp-json\/wp\/v2\/types\/post"}],"author":[{"embeddable":true,"href":"https:\/\/migracao.redenoticia.com.br\/noticia\/wp-json\/wp\/v2\/users\/2"}],"replies":[{"embeddable":true,"href":"https:\/\/migracao.redenoticia.com.br\/noticia\/wp-json\/wp\/v2\/comments?post=85082"}],"version-history":[{"count":0,"href":"https:\/\/migracao.redenoticia.com.br\/noticia\/wp-json\/wp\/v2\/posts\/85082\/revisions"}],"wp:featuredmedia":[{"embeddable":true,"href":"https:\/\/migracao.redenoticia.com.br\/noticia\/wp-json\/wp\/v2\/media\/81978"}],"wp:attachment":[{"href":"https:\/\/migracao.redenoticia.com.br\/noticia\/wp-json\/wp\/v2\/media?parent=85082"}],"wp:term":[{"taxonomy":"category","embeddable":true,"href":"https:\/\/migracao.redenoticia.com.br\/noticia\/wp-json\/wp\/v2\/categories?post=85082"},{"taxonomy":"post_tag","embeddable":true,"href":"https:\/\/migracao.redenoticia.com.br\/noticia\/wp-json\/wp\/v2\/tags?post=85082"}],"curies":[{"name":"wp","href":"https:\/\/api.w.org\/{rel}","templated":true}]}}