{"id":85084,"date":"2016-04-26T17:33:24","date_gmt":"2016-04-26T20:33:24","guid":{"rendered":"http:\/\/www.redenoticia.com.br\/noticia\/?p=85084"},"modified":"2016-04-26T14:37:05","modified_gmt":"2016-04-26T17:37:05","slug":"novela-meu-coracao-e-teu-resumo-2704-isabela-discute-com-fernando","status":"publish","type":"post","link":"https:\/\/migracao.redenoticia.com.br\/noticia\/2016\/novela-meu-coracao-e-teu-resumo-2704-isabela-discute-com-fernando\/85084","title":{"rendered":"Novela \u201cMeu Cora\u00e7\u00e3o \u00e9 Teu\u201d resumo 27\/04: Isabela discute com Fernando"},"content":{"rendered":"<p> <img loading=\"lazy\" decoding=\"async\" src=\"https:\/\/migracao.redenoticia.com.br\/noticia\/imagens\/meu_coracao_e_teu_novela_resumo_sbt-150x112.jpg\" alt=\"meu_coracao_e_teu_novela_resumo_sbt\" width=\"150\" height=\"112\" class=\"alignleft size-thumbnail wp-image-82119\" srcset=\"https:\/\/migracao.redenoticia.com.br\/noticia\/imagens\/meu_coracao_e_teu_novela_resumo_sbt-150x112.jpg 150w, https:\/\/migracao.redenoticia.com.br\/noticia\/imagens\/meu_coracao_e_teu_novela_resumo_sbt-265x198.jpg 265w\" sizes=\"auto, (max-width: 150px) 100vw, 150px\" \/><strong><em>Novela \u201cMeu Cora\u00e7\u00e3o \u00e9 Teu\u201d resumo 27\/04<\/em><\/strong>: Isabela se esfor\u00e7a, mas n\u00e3o consegue se aproximar das crian\u00e7as Lascurain. Os g\u00eameos vivem aprontando com ela e, da \u00faltima vez, sobrou para Sebasti\u00e3o. Isabela se empenhou para agradar na festa e foi derrotada por Ana. Diante da situa\u00e7\u00e3o, Yolanda diz \u00e0 filha que a culpa por n\u00e3o se integrar na fam\u00edlia \u00e9 s\u00f3 dela. Toda essa confus\u00e3o chega at\u00e9 Fernando. Isabela discute com ele, reclama que a ignora e ele, zangado, diz que prefere estar em qualquer lugar a estar com ela. Isabela se d\u00e1 conta que pode odiar Fernando.<\/p>\n<p>No cap\u00edtulo 043 (*), novela \u201cMeu Cora\u00e7\u00e3o \u00e9 Teu\u201d, quarta-feira, 27 de abril \u2013 Diego diz a Ana que sentiu ci\u00fames ao v\u00ea-la dan\u00e7ando com Fernando. Ana esclarece que n\u00e3o existe nada entre eles. Fanny pede a Ana que n\u00e3o diga nada a Fernando do que ocorreu com Henrique. Fanny diz a Ana que sente que o amor entre ela e Leon n\u00e3o \u00e9 o suficiente. <\/p>\n<p>Fernando diz a Bruno e Manuela que o assunto de terem uma barriga de aluguel \u00e9 uma quest\u00e3o muito delicada, e que \u00e9 necess\u00e1rio discutirem muito sobre o assunto. Isabela discute com Fernando, reclama que ele a ignora e ele, zangado, diz que prefere estar em qualquer lugar a estar com ela. Isabela se d\u00e1 conta que tem come\u00e7ado a odiar Fernando. <\/p>\n<p>Nando diz a seu pai que as coisas com Helena n\u00e3o caminham bem. Ele o diz que o filho deve estar consciente que ela pode, a qualquer momento, ter outra crise, e que ele n\u00e3o pode ser respons\u00e1vel por ela. Diego leva Ana para escalar uma montanha e ainda que ela tenha medo, decide se a viver essa aventura. Fernando decide passar um domingo em fam\u00edlia e desfrutar do dia junto a seus filhos.  <\/p>\n<p>(*) edi\u00e7\u00e3o do SBT, Novela \u201cMeu Cora\u00e7\u00e3o \u00e9 Teu\u201d, sujeito a altera\u00e7\u00e3o de data e conte\u00fado.<\/p>\n","protected":false},"excerpt":{"rendered":"<p>Novela \u201cMeu Cora\u00e7\u00e3o \u00e9 Teu\u201d resumo 27\/04: Isabela se esfor\u00e7a, mas n\u00e3o consegue se aproximar das crian\u00e7as Lascurain. Os g\u00eameos vivem aprontando com ela e, da \u00faltima vez, sobrou para Sebasti\u00e3o. Isabela se empenhou para agradar na festa e foi derrotada por Ana. Diante da situa\u00e7\u00e3o, Yolanda diz \u00e0 filha que a culpa por n\u00e3o [&hellip;]<\/p>\n","protected":false},"author":2,"featured_media":82119,"comment_status":"open","ping_status":"closed","sticky":false,"template":"","format":"standard","meta":{"tdm_status":"","tdm_grid_status":"","footnotes":""},"categories":[379,372,343],"tags":[441],"class_list":{"0":"post-85084","1":"post","2":"type-post","3":"status-publish","4":"format-standard","5":"has-post-thumbnail","7":"category-novelas","8":"category-sbt","9":"category-televisao","10":"tag-resumo-do-dia"},"_links":{"self":[{"href":"https:\/\/migracao.redenoticia.com.br\/noticia\/wp-json\/wp\/v2\/posts\/85084","targetHints":{"allow":["GET"]}}],"collection":[{"href":"https:\/\/migracao.redenoticia.com.br\/noticia\/wp-json\/wp\/v2\/posts"}],"about":[{"href":"https:\/\/migracao.redenoticia.com.br\/noticia\/wp-json\/wp\/v2\/types\/post"}],"author":[{"embeddable":true,"href":"https:\/\/migracao.redenoticia.com.br\/noticia\/wp-json\/wp\/v2\/users\/2"}],"replies":[{"embeddable":true,"href":"https:\/\/migracao.redenoticia.com.br\/noticia\/wp-json\/wp\/v2\/comments?post=85084"}],"version-history":[{"count":0,"href":"https:\/\/migracao.redenoticia.com.br\/noticia\/wp-json\/wp\/v2\/posts\/85084\/revisions"}],"wp:featuredmedia":[{"embeddable":true,"href":"https:\/\/migracao.redenoticia.com.br\/noticia\/wp-json\/wp\/v2\/media\/82119"}],"wp:attachment":[{"href":"https:\/\/migracao.redenoticia.com.br\/noticia\/wp-json\/wp\/v2\/media?parent=85084"}],"wp:term":[{"taxonomy":"category","embeddable":true,"href":"https:\/\/migracao.redenoticia.com.br\/noticia\/wp-json\/wp\/v2\/categories?post=85084"},{"taxonomy":"post_tag","embeddable":true,"href":"https:\/\/migracao.redenoticia.com.br\/noticia\/wp-json\/wp\/v2\/tags?post=85084"}],"curies":[{"name":"wp","href":"https:\/\/api.w.org\/{rel}","templated":true}]}}