{"id":85088,"date":"2016-04-26T19:39:53","date_gmt":"2016-04-26T22:39:53","guid":{"rendered":"http:\/\/www.redenoticia.com.br\/noticia\/?p=85088"},"modified":"2016-04-26T14:44:53","modified_gmt":"2016-04-26T17:44:53","slug":"novela-carrossel-resumo-2704-helena-sente-a-falta-de-jaime","status":"publish","type":"post","link":"https:\/\/migracao.redenoticia.com.br\/noticia\/2016\/novela-carrossel-resumo-2704-helena-sente-a-falta-de-jaime\/85088","title":{"rendered":"Novela \u201cCarrossel\u201d resumo 27\/04: Helena sente a falta de Jaime"},"content":{"rendered":"<p> <img loading=\"lazy\" decoding=\"async\" src=\"https:\/\/migracao.redenoticia.com.br\/noticia\/imagens\/Carrossel_resumo_novela_sbt-150x112.jpg\" alt=\"Carrossel_resumo_novela_sbt\" width=\"150\" height=\"112\" class=\"alignleft size-thumbnail wp-image-82147\" srcset=\"https:\/\/migracao.redenoticia.com.br\/noticia\/imagens\/Carrossel_resumo_novela_sbt-150x112.jpg 150w, https:\/\/migracao.redenoticia.com.br\/noticia\/imagens\/Carrossel_resumo_novela_sbt-265x198.jpg 265w\" sizes=\"auto, (max-width: 150px) 100vw, 150px\" \/><strong><em>Novela \u201cCarrossel\u201d resumo 27\/04<\/em><\/strong>: \u00e9 dia de prova oral e Jaime afirma a si mesmo que n\u00e3o pode ir \u00e0 escola, pois vai se d\u00e1 mal na prova. Ele aquece o term\u00f4metro no abajur e diz para a m\u00e3e que est\u00e1 com febre e dor de cabe\u00e7a. Eloisa n\u00e3o acredita e manda o filho colocar o uniforme. Ele se esconde em casa. Enquanto isso, na escola, Helena sente a falta de Jaime. Ela pede para os alunos fecharem o caderno para a prova oral de tabuada. Em casa, Jaime ouve Rafael chegar, corre para a rua e pensa em fazer uma visita ao mendigo Bituca. Enquanto isso, Rafael comenta com Eloisa que vai \u00e0 escola para saber a nota da prova oral de Jaime.<\/p>\n<p>No capitulo 294(*), novela \u201cCarrossel\u201d, quarta-feira, 27 de abril \u2013 Em imagina\u00e7\u00e3o de Adriano, ele, Cirilo, Paulo e Koki fazem uma viagem ao espa\u00e7o para encontrar Chul\u00e9. Eles conhecem a Dona Lua que d\u00e1 as coordenadas do caminho a Saturno. Os garotos passam pelo planeta V\u00eanus, que comenta ser sozinho no espa\u00e7o. Os garotos perguntam a V\u00eanus como eles podem chegar a Saturno. Os garotos avistam a Terra de longe e ficam encantados com a beleza do planeta. A Terra est\u00e1 tossindo e os alunos perguntam se ela est\u00e1 bem. A Terra afirma que est\u00e1 doente, n\u00e3o consegue respirar bem, est\u00e1 cansada. <\/p>\n<p>Cirilo pergunta se tem algum rem\u00e9dio que ela pode tomar. A Terra afirma que n\u00e3o depende dela, n\u00e3o sabe se aguenta por muito tempo. Os garotos chegam a Marte, o planeta nervoso. Ele esbraveja com os garotos. Finalmente, eles conseguem chegar a Saturno e perguntam de Chul\u00e9 ao planeta. Saturno diz que a meia fedida deve estar em um dos seus an\u00e9is. Os garotos encontram Chul\u00e9 e o levam de volta para a terra. Chul\u00e9 comenta que estava sentindo a falta do quarto de Adriano. <\/p>\n<p>Al\u00edcia e Maria Joaquina discutem na escola. Jaime afirma a si mesmo que n\u00e3o poder\u00e1 ir \u00e0 escola, pois vai se dar mal na prova oral. Ele aquece o term\u00f4metro no abajur e diz para a m\u00e3e que est\u00e1 com febre e dor de cabe\u00e7a. Eloisa n\u00e3o acredita e manda Jaime colocar o uniforme. Na sala de aula, Helena sente a falta de Jaime. O garoto est\u00e1 escondido em sua casa para n\u00e3o ir \u00e0 escola. Helena pede para os alunos fecharem o caderno para a prova oral de tabuada. Jaime ouve Rafael chegar em casa e corre para a rua. Pelas ruas, Jaime pensa em fazer uma visita ao mendigo Bituca. Rafael comenta com Eloisa que vai \u00e0 escola para saber a nota da prova oral de Jaime.  <\/p>\n<p>(*) edi\u00e7\u00e3o do SBT, Novela \u201cCarrossel\u201d, sujeito a altera\u00e7\u00e3o de data e conte\u00fado.<\/p>\n","protected":false},"excerpt":{"rendered":"<p>Novela \u201cCarrossel\u201d resumo 27\/04: \u00e9 dia de prova oral e Jaime afirma a si mesmo que n\u00e3o pode ir \u00e0 escola, pois vai se d\u00e1 mal na prova. Ele aquece o term\u00f4metro no abajur e diz para a m\u00e3e que est\u00e1 com febre e dor de cabe\u00e7a. Eloisa n\u00e3o acredita e manda o filho colocar [&hellip;]<\/p>\n","protected":false},"author":2,"featured_media":82147,"comment_status":"open","ping_status":"closed","sticky":false,"template":"","format":"standard","meta":{"tdm_status":"","tdm_grid_status":"","footnotes":""},"categories":[379,372,343],"tags":[441],"class_list":{"0":"post-85088","1":"post","2":"type-post","3":"status-publish","4":"format-standard","5":"has-post-thumbnail","7":"category-novelas","8":"category-sbt","9":"category-televisao","10":"tag-resumo-do-dia"},"_links":{"self":[{"href":"https:\/\/migracao.redenoticia.com.br\/noticia\/wp-json\/wp\/v2\/posts\/85088","targetHints":{"allow":["GET"]}}],"collection":[{"href":"https:\/\/migracao.redenoticia.com.br\/noticia\/wp-json\/wp\/v2\/posts"}],"about":[{"href":"https:\/\/migracao.redenoticia.com.br\/noticia\/wp-json\/wp\/v2\/types\/post"}],"author":[{"embeddable":true,"href":"https:\/\/migracao.redenoticia.com.br\/noticia\/wp-json\/wp\/v2\/users\/2"}],"replies":[{"embeddable":true,"href":"https:\/\/migracao.redenoticia.com.br\/noticia\/wp-json\/wp\/v2\/comments?post=85088"}],"version-history":[{"count":0,"href":"https:\/\/migracao.redenoticia.com.br\/noticia\/wp-json\/wp\/v2\/posts\/85088\/revisions"}],"wp:featuredmedia":[{"embeddable":true,"href":"https:\/\/migracao.redenoticia.com.br\/noticia\/wp-json\/wp\/v2\/media\/82147"}],"wp:attachment":[{"href":"https:\/\/migracao.redenoticia.com.br\/noticia\/wp-json\/wp\/v2\/media?parent=85088"}],"wp:term":[{"taxonomy":"category","embeddable":true,"href":"https:\/\/migracao.redenoticia.com.br\/noticia\/wp-json\/wp\/v2\/categories?post=85088"},{"taxonomy":"post_tag","embeddable":true,"href":"https:\/\/migracao.redenoticia.com.br\/noticia\/wp-json\/wp\/v2\/tags?post=85088"}],"curies":[{"name":"wp","href":"https:\/\/api.w.org\/{rel}","templated":true}]}}