{"id":85099,"date":"2016-04-26T14:50:27","date_gmt":"2016-04-26T17:50:27","guid":{"rendered":"http:\/\/www.redenoticia.com.br\/noticia\/?p=85099"},"modified":"2016-04-26T14:50:27","modified_gmt":"2016-04-26T17:50:27","slug":"novela-chamas-da-vida-resumo-2704-ivonete-sofre-acidente","status":"publish","type":"post","link":"https:\/\/migracao.redenoticia.com.br\/noticia\/2016\/novela-chamas-da-vida-resumo-2704-ivonete-sofre-acidente\/85099","title":{"rendered":"Novela \u201cChamas da Vida\u201d resumo 27\/04: Ivonete sofre acidente"},"content":{"rendered":"<p> <img loading=\"lazy\" decoding=\"async\" src=\"https:\/\/migracao.redenoticia.com.br\/noticia\/imagens\/chamas_da_vida_resumo_novela-150x112.jpeg\" alt=\"chamas_da_vida_resumo_novela\" width=\"150\" height=\"112\" class=\"alignleft size-thumbnail wp-image-82020\" \/><strong><em>Novela \u201cChamas da Vida\u201d resumo 27\/04<\/em><\/strong>: Tom\u00e1s aparece na porta da pens\u00e3o e Ivonete pergunta o que ele est\u00e1 a fazer. Os dois discutem e Tom\u00e1s fica muito nervoso. Descontrolado, ele sai com o carro. Ivonete segue-o, mas perde o controle e bate com o carro. Ivonete est\u00e1 bem, mas finge estar inconsciente. Logo depois, Tom\u00e1s se preocupa e liga para Ivonete para saber se ela est\u00e1 bem. <\/p>\n<p>No capitulo 126 (*), novela \u201cChamas da Vida\u201d, quarta-feira, 27 de abril \u2013 Ivonete pergunta o que Tom\u00e1s est\u00e1 a fazer \u00e0 porta da pens\u00e3o. Os dois discutem, Tom\u00e1s sai com o carro. Ivonete segue-o, mas perde o controle e bate com o carro. Ivonete est\u00e1 bem, mas finge estar inconsciente. Raissa diz a Caz\u00e9 que tem que dar aten\u00e7\u00e3o a Gabriel. Caz\u00e9 diz que Raissa o est\u00e1 a evitar e deixou de gostar dele. Caz\u00e9 sai e vai para o samba. Junior pede a Telma par nunca mais lhe esconder nada. Arlete diz a Carolina que est\u00e1 a usar um aparelho de escuta para conseguir a confiss\u00e3o de Vilma. <\/p>\n<p>Ivonete diz a Suelen que Tom\u00e1s \u00e9 v\u00edtima da loucura de Vilma. Vivi diz a Pedro que quer fazer j\u00e1 o aborto. Vivi pergunta se Lipe tem como descobrir onde \u00e9 a cl\u00ednica. Pedro diz que n\u00e3o. Lipe diz a Pa\u00e7oca, um homem que vive nos vag\u00f5es, que precisa de descobrir em que cl\u00ednica Vivi vai fazer o aborto. Lipe manda Pa\u00e7oca seguir Pedro. Tom\u00e1s liga para Ivonete para saber se ela est\u00e1 bem. Gildete mostra a Arlete a capa do jornal com a foto de Vilma. <\/p>\n<p>Demoro diz a Margareth que vai a casa de Vivi. Margareth n\u00e3o deixa. Guilherme diz a Michele que n\u00e3o quer que ela sinta pena dele e pede-lhe para sair da sala. C\u00edntia diz a Vivi que o pai dela a proibiu de ir a casa de Vivi. Vivi entende e diz que todos que andam perto dela est\u00e3o a correr riscos. Guga fica chateado em saber que Demoro vai \u00e0 cl\u00ednica com Vivi. Pa\u00e7oca d\u00e1 o endere\u00e7o da cl\u00ednica a Lipe. Lipe pega numa roupa de m\u00e9dico e sorri.  <\/p>\n<p>(*) edi\u00e7\u00e3o da Rede Record, Novela \u201cChamas da Vida\u201d, sujeito a altera\u00e7\u00e3o de data e conte\u00fado.<\/p>\n","protected":false},"excerpt":{"rendered":"<p>Novela \u201cChamas da Vida\u201d resumo 27\/04: Tom\u00e1s aparece na porta da pens\u00e3o e Ivonete pergunta o que ele est\u00e1 a fazer. Os dois discutem e Tom\u00e1s fica muito nervoso. Descontrolado, ele sai com o carro. Ivonete segue-o, mas perde o controle e bate com o carro. Ivonete est\u00e1 bem, mas finge estar inconsciente. Logo depois, [&hellip;]<\/p>\n","protected":false},"author":2,"featured_media":82020,"comment_status":"open","ping_status":"closed","sticky":false,"template":"","format":"standard","meta":{"tdm_status":"","tdm_grid_status":"","footnotes":""},"categories":[379,371,343],"tags":[441],"class_list":{"0":"post-85099","1":"post","2":"type-post","3":"status-publish","4":"format-standard","5":"has-post-thumbnail","7":"category-novelas","8":"category-rede-record","9":"category-televisao","10":"tag-resumo-do-dia"},"_links":{"self":[{"href":"https:\/\/migracao.redenoticia.com.br\/noticia\/wp-json\/wp\/v2\/posts\/85099","targetHints":{"allow":["GET"]}}],"collection":[{"href":"https:\/\/migracao.redenoticia.com.br\/noticia\/wp-json\/wp\/v2\/posts"}],"about":[{"href":"https:\/\/migracao.redenoticia.com.br\/noticia\/wp-json\/wp\/v2\/types\/post"}],"author":[{"embeddable":true,"href":"https:\/\/migracao.redenoticia.com.br\/noticia\/wp-json\/wp\/v2\/users\/2"}],"replies":[{"embeddable":true,"href":"https:\/\/migracao.redenoticia.com.br\/noticia\/wp-json\/wp\/v2\/comments?post=85099"}],"version-history":[{"count":0,"href":"https:\/\/migracao.redenoticia.com.br\/noticia\/wp-json\/wp\/v2\/posts\/85099\/revisions"}],"wp:featuredmedia":[{"embeddable":true,"href":"https:\/\/migracao.redenoticia.com.br\/noticia\/wp-json\/wp\/v2\/media\/82020"}],"wp:attachment":[{"href":"https:\/\/migracao.redenoticia.com.br\/noticia\/wp-json\/wp\/v2\/media?parent=85099"}],"wp:term":[{"taxonomy":"category","embeddable":true,"href":"https:\/\/migracao.redenoticia.com.br\/noticia\/wp-json\/wp\/v2\/categories?post=85099"},{"taxonomy":"post_tag","embeddable":true,"href":"https:\/\/migracao.redenoticia.com.br\/noticia\/wp-json\/wp\/v2\/tags?post=85099"}],"curies":[{"name":"wp","href":"https:\/\/api.w.org\/{rel}","templated":true}]}}