{"id":85107,"date":"2016-04-26T17:58:55","date_gmt":"2016-04-26T20:58:55","guid":{"rendered":"http:\/\/www.redenoticia.com.br\/noticia\/?p=85107"},"modified":"2016-04-26T15:03:02","modified_gmt":"2016-04-26T18:03:02","slug":"novela-malhacao-resumo-2704-pedro-observa-luciana-e-tito","status":"publish","type":"post","link":"https:\/\/migracao.redenoticia.com.br\/noticia\/2016\/novela-malhacao-resumo-2704-pedro-observa-luciana-e-tito\/85107","title":{"rendered":"Novela \u201cMalha\u00e7\u00e3o\u201d resumo 27\/04: Pedro observa Luciana e Tito"},"content":{"rendered":"<p> <img loading=\"lazy\" decoding=\"async\" src=\"https:\/\/migracao.redenoticia.com.br\/noticia\/imagens\/malhacao_seu_lugar_no_mundo-150x112.jpg\" alt=\"malhacao_seu_lugar_no_mundo\" width=\"150\" height=\"112\" class=\"alignleft size-thumbnail wp-image-72511\" srcset=\"https:\/\/migracao.redenoticia.com.br\/noticia\/imagens\/malhacao_seu_lugar_no_mundo-150x112.jpg 150w, https:\/\/migracao.redenoticia.com.br\/noticia\/imagens\/malhacao_seu_lugar_no_mundo-265x198.jpg 265w\" sizes=\"auto, (max-width: 150px) 100vw, 150px\" \/><strong><em>Novela \u201cMalha\u00e7\u00e3o\u201d resumo 27\/04 <\/em><\/strong>: Luciana recebe uma mensagem de Pedro. Quem fica feliz com a not\u00edcia \u00e9 Tito, que est\u00e1 ao seu lado e nem consegue acreditar. Em conversa com Uodson, Tito confessa ter receio de que Pedro n\u00e3o queira v\u00ea-lo. O amigo o incentiva e Tito resolve acompanhar Luciana ao encontro com Pedro. De longe, Pedro observa os dois.<\/p>\n<p>No capitulo 181(*), novela \u201cMalha\u00e7\u00e3o\u201d, quarta-feira, 27 de abril \u2013 Tito tem esperan\u00e7a de encontrar Pedro. Monique aceita ceder o quarto para Alina e Uodson. Rodrigo comenta com Roger que est\u00e1 em d\u00favida sobre o namoro com Fl\u00e1via. Uodson leva caf\u00e9 da manh\u00e3 na cama para Alina e acaba com os produtos da despensa da casa. Roger se irrita com Fl\u00e1via. <\/p>\n<p>Tito confessa a Uodson o receio de que Pedro n\u00e3o queira v\u00ea-lo. Alina e Krica se reencontram. Menelau e os professores se preocupam com a falta de pagamento. Bia e Rubem se desentendem. Vera ouve quando Luciana conta a L\u00edvia sobre a suposta mensagem de Pedro. <\/p>\n<p>Samurai explica a demiss\u00e3o de Filipe para Nanda. Ci\u00e7a insinua que sabe da paix\u00e3o de Tito por Ana. Marina afirma a Bia que entende a situa\u00e7\u00e3o financeira da fam\u00edlia. Beto descobre que Pedro enviou uma mensagem para Luciana. Pedro observa Luciana e Tito.<\/p>\n<p>(*) edi\u00e7\u00e3o da Rede Globo, Novela \u201cMalha\u00e7\u00e3o\u201d, sujeito a altera\u00e7\u00e3o de data e conte\u00fado.<\/p>\n","protected":false},"excerpt":{"rendered":"<p>Novela \u201cMalha\u00e7\u00e3o\u201d resumo 27\/04 : Luciana recebe uma mensagem de Pedro. Quem fica feliz com a not\u00edcia \u00e9 Tito, que est\u00e1 ao seu lado e nem consegue acreditar. Em conversa com Uodson, Tito confessa ter receio de que Pedro n\u00e3o queira v\u00ea-lo. O amigo o incentiva e Tito resolve acompanhar Luciana ao encontro com Pedro. [&hellip;]<\/p>\n","protected":false},"author":2,"featured_media":72511,"comment_status":"open","ping_status":"closed","sticky":false,"template":"","format":"standard","meta":{"tdm_status":"","tdm_grid_status":"","footnotes":""},"categories":[379,375,343],"tags":[441],"class_list":{"0":"post-85107","1":"post","2":"type-post","3":"status-publish","4":"format-standard","5":"has-post-thumbnail","7":"category-novelas","8":"category-rede-globo","9":"category-televisao","10":"tag-resumo-do-dia"},"_links":{"self":[{"href":"https:\/\/migracao.redenoticia.com.br\/noticia\/wp-json\/wp\/v2\/posts\/85107","targetHints":{"allow":["GET"]}}],"collection":[{"href":"https:\/\/migracao.redenoticia.com.br\/noticia\/wp-json\/wp\/v2\/posts"}],"about":[{"href":"https:\/\/migracao.redenoticia.com.br\/noticia\/wp-json\/wp\/v2\/types\/post"}],"author":[{"embeddable":true,"href":"https:\/\/migracao.redenoticia.com.br\/noticia\/wp-json\/wp\/v2\/users\/2"}],"replies":[{"embeddable":true,"href":"https:\/\/migracao.redenoticia.com.br\/noticia\/wp-json\/wp\/v2\/comments?post=85107"}],"version-history":[{"count":0,"href":"https:\/\/migracao.redenoticia.com.br\/noticia\/wp-json\/wp\/v2\/posts\/85107\/revisions"}],"wp:featuredmedia":[{"embeddable":true,"href":"https:\/\/migracao.redenoticia.com.br\/noticia\/wp-json\/wp\/v2\/media\/72511"}],"wp:attachment":[{"href":"https:\/\/migracao.redenoticia.com.br\/noticia\/wp-json\/wp\/v2\/media?parent=85107"}],"wp:term":[{"taxonomy":"category","embeddable":true,"href":"https:\/\/migracao.redenoticia.com.br\/noticia\/wp-json\/wp\/v2\/categories?post=85107"},{"taxonomy":"post_tag","embeddable":true,"href":"https:\/\/migracao.redenoticia.com.br\/noticia\/wp-json\/wp\/v2\/tags?post=85107"}],"curies":[{"name":"wp","href":"https:\/\/api.w.org\/{rel}","templated":true}]}}