{"id":85109,"date":"2016-04-26T18:03:07","date_gmt":"2016-04-26T21:03:07","guid":{"rendered":"http:\/\/www.redenoticia.com.br\/noticia\/?p=85109"},"modified":"2016-04-26T15:07:44","modified_gmt":"2016-04-26T18:07:44","slug":"novela-eta-mundo-bom-resumo-2704-mafalda-beija-romeu","status":"publish","type":"post","link":"https:\/\/migracao.redenoticia.com.br\/noticia\/2016\/novela-eta-mundo-bom-resumo-2704-mafalda-beija-romeu\/85109","title":{"rendered":"Novela \u201cEta Mundo Bom\u201d resumo 27\/04: Mafalda beija Romeu"},"content":{"rendered":"<p> <img loading=\"lazy\" decoding=\"async\" class=\"alignleft size-thumbnail wp-image-82131\" src=\"https:\/\/migracao.redenoticia.com.br\/noticia\/imagens\/eta_mundo_bom_globo_novela_resumo-150x112.jpg\" alt=\"eta_mundo_bom_globo_novela_resumo\" width=\"150\" height=\"112\" srcset=\"https:\/\/migracao.redenoticia.com.br\/noticia\/imagens\/eta_mundo_bom_globo_novela_resumo-150x112.jpg 150w, https:\/\/migracao.redenoticia.com.br\/noticia\/imagens\/eta_mundo_bom_globo_novela_resumo-265x198.jpg 265w\" sizes=\"auto, (max-width: 150px) 100vw, 150px\" \/><strong><em>Novela \u201cEta Mundo Bom\u201d resumo 27\/04<\/em><\/strong>: Romeu n\u00e3o mede esfor\u00e7os para reconquistar o amor de Mafalda. Desta vez, ele presenteou a futura sogra com um anel car\u00edssimo. Como sempre desconfia de tudo, Cunegundes manda a joia para ser analisada por In\u00e1cio. Mafalda diz que n\u00e3o est\u00e1 interessada na fortuna do gal\u00e3, e que s\u00f3 aceita reatar o noivado se ele provar a ela o amor que sente. Depois, os dois se esbarram na fazenda e ela n\u00e3o resiste aos encantos do rapaz. Ele lhe diz que talvez devesse trazer mais presentes. Mafalda responde que n\u00e3o faz quest\u00e3o de joias, que s\u00f3 quer mesmo a felicidade de um grande amor. Antes de beij\u00e1-la, Romeu diz que amor verdadeiro \u00e9 o que ele mais tem para lhe dar. S\u00f3 que este momento pode n\u00e3o durar muito porque In\u00e1cio afirma que o anel comprado por Romeu \u00e9 falso, e o rapaz \u00e9 expulso da fazenda.<\/p>\n<p>No capitulo 087(*), novela \u201cEta Mundo Bom\u201d, quarta-feira, 27 de abril \u2013 Pancr\u00e1cio e Pandolfo discutem. Maria sofre por Celso. Sandra se insinua para Candinho. Filomena pede que Fragoso contrate Clarice como governanta ap\u00f3s seu casamento. Alice d\u00e1 um bombom a Cl\u00e1udio e Ilde desconfia. <\/p>\n<p>Diana provoca Filomena e revela a Braz que o filho que a mo\u00e7a espera \u00e9 de Candinho. Candinho diz a Celso que pode lhe ajudar a reconquistar Maria. <\/p>\n<p>Cara de C\u00e3o combina com Ernesto o rapto de Policarpo. In\u00e1cio afirma que o anel comprado por Romeu \u00e9 falso, e o rapaz \u00e9 expulso da fazenda. Mafalda observa Romeu se banhando no rio.<\/p>\n<p>(*) edi\u00e7\u00e3o da Rede Globo, Novela \u201cEta Mundo Bom\u201d, sujeito a altera\u00e7\u00e3o de data e conte\u00fado.<\/p>\n","protected":false},"excerpt":{"rendered":"<p>Novela \u201cEta Mundo Bom\u201d resumo 27\/04: Romeu n\u00e3o mede esfor\u00e7os para reconquistar o amor de Mafalda. Desta vez, ele presenteou a futura sogra com um anel car\u00edssimo. Como sempre desconfia de tudo, Cunegundes manda a joia para ser analisada por In\u00e1cio. Mafalda diz que n\u00e3o est\u00e1 interessada na fortuna do gal\u00e3, e que s\u00f3 aceita [&hellip;]<\/p>\n","protected":false},"author":2,"featured_media":82131,"comment_status":"open","ping_status":"closed","sticky":false,"template":"","format":"standard","meta":{"tdm_status":"","tdm_grid_status":"","footnotes":""},"categories":[379,375,343],"tags":[441],"class_list":{"0":"post-85109","1":"post","2":"type-post","3":"status-publish","4":"format-standard","5":"has-post-thumbnail","7":"category-novelas","8":"category-rede-globo","9":"category-televisao","10":"tag-resumo-do-dia"},"_links":{"self":[{"href":"https:\/\/migracao.redenoticia.com.br\/noticia\/wp-json\/wp\/v2\/posts\/85109","targetHints":{"allow":["GET"]}}],"collection":[{"href":"https:\/\/migracao.redenoticia.com.br\/noticia\/wp-json\/wp\/v2\/posts"}],"about":[{"href":"https:\/\/migracao.redenoticia.com.br\/noticia\/wp-json\/wp\/v2\/types\/post"}],"author":[{"embeddable":true,"href":"https:\/\/migracao.redenoticia.com.br\/noticia\/wp-json\/wp\/v2\/users\/2"}],"replies":[{"embeddable":true,"href":"https:\/\/migracao.redenoticia.com.br\/noticia\/wp-json\/wp\/v2\/comments?post=85109"}],"version-history":[{"count":0,"href":"https:\/\/migracao.redenoticia.com.br\/noticia\/wp-json\/wp\/v2\/posts\/85109\/revisions"}],"wp:featuredmedia":[{"embeddable":true,"href":"https:\/\/migracao.redenoticia.com.br\/noticia\/wp-json\/wp\/v2\/media\/82131"}],"wp:attachment":[{"href":"https:\/\/migracao.redenoticia.com.br\/noticia\/wp-json\/wp\/v2\/media?parent=85109"}],"wp:term":[{"taxonomy":"category","embeddable":true,"href":"https:\/\/migracao.redenoticia.com.br\/noticia\/wp-json\/wp\/v2\/categories?post=85109"},{"taxonomy":"post_tag","embeddable":true,"href":"https:\/\/migracao.redenoticia.com.br\/noticia\/wp-json\/wp\/v2\/tags?post=85109"}],"curies":[{"name":"wp","href":"https:\/\/api.w.org\/{rel}","templated":true}]}}