{"id":85128,"date":"2016-04-27T10:09:39","date_gmt":"2016-04-27T13:09:39","guid":{"rendered":"http:\/\/www.redenoticia.com.br\/noticia\/?p=85128"},"modified":"2016-04-26T17:11:03","modified_gmt":"2016-04-26T20:11:03","slug":"inscricoes-abertas-para-o-curso-de-etica-e-cidadania-fiscal-da-fazesp","status":"publish","type":"post","link":"https:\/\/migracao.redenoticia.com.br\/noticia\/2016\/inscricoes-abertas-para-o-curso-de-etica-e-cidadania-fiscal-da-fazesp\/85128","title":{"rendered":"Inscri\u00e7\u00f5es abertas para o curso de \u00c9tica e Cidadania Fiscal da Fazesp"},"content":{"rendered":"<p> Est\u00e3o abertas as inscri\u00e7\u00f5es para a primeira turma de 2016 do <strong><em>curso de \u00c9tica e Cidadania Fiscal<\/em><\/strong> oferecido pela . O curso \u00e9 on-line e gratuito e recebe inscri\u00e7\u00f5es at\u00e9 o dia 2 de maio.<\/p>\n<p>Para se candidatar a uma das 1500 vagas oferecidas, os interessados devem fazer um cadastro no site da Fazesp, caso ainda n\u00e3o o tenham, e acessar a \u00e1rea do curso. As aulas ser\u00e3o realizadas no pr\u00f3prio ambiente virtual da Fazesp de dois de maio a 1\u00ba de julho.<\/p>\n<p>Com carga hor\u00e1ria de 80 horas, divididas em quatro m\u00f3dulos, o curso \u00e9 voltado para professores, universit\u00e1rios, membros de organiza\u00e7\u00f5es sociais interessados na tem\u00e1tica, servidores p\u00fablicos e cidad\u00e3os em geral, com conte\u00fado direcionado ao conhecimento sobre tributa\u00e7\u00e3o, responsabilidades do Estado e exerc\u00edcio da cidadania, transpar\u00eancia na gest\u00e3o p\u00fablica e na pr\u00e1tica da responsabilidade fiscal.<\/p>\n<p>Os certificados ser\u00e3o concedidos aos alunos que obtiverem 70% de acerto nas quest\u00f5es finais de cada m\u00f3dulo.<\/p>\n<p>Consulte o manual de inscri\u00e7\u00e3o .<\/p>\n<p>SERVI\u00c7O<br \/>\nCurso \u00c9tica e Cidadania Fiscal &#8211; Turma 1 de 2016<br \/>\nEscola Fazend\u00e1ria do Estado de S\u00e3o Paulo (Fazesp)<br \/>\nCurso on-line e gratuito<br \/>\nInscri\u00e7\u00f5es no site da Fazesp at\u00e9 2 de maio,<br \/>\nManual de inscri\u00e7\u00e3o,<br \/>\nPer\u00edodo de realiza\u00e7\u00e3o: 2 de maio a 1\u00ba de julho<br \/>\nCarga hor\u00e1ria: 80 horas<br \/>\nVagas: 1500<\/p>\n<p>Do Portal do Governo do Estado SP<\/p>\n","protected":false},"excerpt":{"rendered":"<p>Est\u00e3o abertas as inscri\u00e7\u00f5es para a primeira turma de 2016 do curso de \u00c9tica e Cidadania Fiscal oferecido pela . O curso \u00e9 on-line e gratuito e recebe inscri\u00e7\u00f5es at\u00e9 o dia 2 de maio. Para se candidatar a uma das 1500 vagas oferecidas, os interessados devem fazer um cadastro no site da Fazesp, caso [&hellip;]<\/p>\n","protected":false},"author":2,"featured_media":37419,"comment_status":"open","ping_status":"closed","sticky":false,"template":"","format":"standard","meta":{"tdm_status":"","tdm_grid_status":"","footnotes":""},"categories":[22,351,370],"tags":[],"class_list":{"0":"post-85128","1":"post","2":"type-post","3":"status-publish","4":"format-standard","5":"has-post-thumbnail","7":"category-brasil","8":"category-cursos","9":"category-inscricao"},"_links":{"self":[{"href":"https:\/\/migracao.redenoticia.com.br\/noticia\/wp-json\/wp\/v2\/posts\/85128","targetHints":{"allow":["GET"]}}],"collection":[{"href":"https:\/\/migracao.redenoticia.com.br\/noticia\/wp-json\/wp\/v2\/posts"}],"about":[{"href":"https:\/\/migracao.redenoticia.com.br\/noticia\/wp-json\/wp\/v2\/types\/post"}],"author":[{"embeddable":true,"href":"https:\/\/migracao.redenoticia.com.br\/noticia\/wp-json\/wp\/v2\/users\/2"}],"replies":[{"embeddable":true,"href":"https:\/\/migracao.redenoticia.com.br\/noticia\/wp-json\/wp\/v2\/comments?post=85128"}],"version-history":[{"count":0,"href":"https:\/\/migracao.redenoticia.com.br\/noticia\/wp-json\/wp\/v2\/posts\/85128\/revisions"}],"wp:featuredmedia":[{"embeddable":true,"href":"https:\/\/migracao.redenoticia.com.br\/noticia\/wp-json\/wp\/v2\/media\/37419"}],"wp:attachment":[{"href":"https:\/\/migracao.redenoticia.com.br\/noticia\/wp-json\/wp\/v2\/media?parent=85128"}],"wp:term":[{"taxonomy":"category","embeddable":true,"href":"https:\/\/migracao.redenoticia.com.br\/noticia\/wp-json\/wp\/v2\/categories?post=85128"},{"taxonomy":"post_tag","embeddable":true,"href":"https:\/\/migracao.redenoticia.com.br\/noticia\/wp-json\/wp\/v2\/tags?post=85128"}],"curies":[{"name":"wp","href":"https:\/\/api.w.org\/{rel}","templated":true}]}}