{"id":85132,"date":"2016-04-27T10:12:12","date_gmt":"2016-04-27T13:12:12","guid":{"rendered":"http:\/\/www.redenoticia.com.br\/noticia\/?p=85132"},"modified":"2016-04-26T17:13:18","modified_gmt":"2016-04-26T20:13:18","slug":"brasil-registra-802-mil-casos-provaveis-de-dengue-este-ano","status":"publish","type":"post","link":"https:\/\/migracao.redenoticia.com.br\/noticia\/2016\/brasil-registra-802-mil-casos-provaveis-de-dengue-este-ano\/85132","title":{"rendered":"Brasil registra 802 mil casos prov\u00e1veis de dengue este ano"},"content":{"rendered":"<p> De janeiro a 2 de abril deste ano, foram registrados no Brasil 802.429 casos prov\u00e1veis de <strong><em>dengue<\/em><\/strong>. Segundo boletim divulgado pelo Minist\u00e9rio da Sa\u00fade, foram confirmadas 140 mortes em decorr\u00eancia da infec\u00e7\u00e3o pelo v\u00edrus da dengue. No mesmo per\u00edodo do ano passado, foram registrados 705.231 casos prov\u00e1veis de dengue. Assim como no ano passado, a circula\u00e7\u00e3o do tipo Denv1 prevaleceu.<\/p>\n<p>Embora o n\u00famero de casos prov\u00e1veis, at\u00e9 o momento, tenha sido superior ao do ano passado, nas \u00faltimas semanas, a quantidade de casos tem sido inferior, disse o diretor do Departamento de Vigil\u00e2ncia de Doen\u00e7as Transmiss\u00edveis do Minist\u00e9rio da Sa\u00fade, Cl\u00e1udio Maierovitch.<\/p>\n<p>&#8220;Nossa expectativa \u00e9 que essa curva continue caindo, mostrando o resultado das a\u00e7\u00f5es de preven\u00e7\u00e3o, que foram intensificadas&#8221;, acrescentou Maierovitch. Ele disse que a tend\u00eancia \u00e9 que, no final do ano, o n\u00famero de casos seja inferior ao de 2015.<\/p>\n<p>Minas Gerais, com 1332,5 casos por 100 mil habitantes; Rio Grande do Norte, com 857; Mato Grosso do Sul, com 825,9; e Goi\u00e1s, com 739,2, foram os estados que tiveram maior incid\u00eancia do v\u00edrus.<\/p>\n<p>Aline Leal \u2013 Rep\u00f3rter da Ag\u00eancia Brasil<br \/>\nEdi\u00e7\u00e3o: N\u00e1dia Franco<br \/>\n27\/04\/2016<\/p>\n","protected":false},"excerpt":{"rendered":"<p>De janeiro a 2 de abril deste ano, foram registrados no Brasil 802.429 casos prov\u00e1veis de dengue. Segundo boletim divulgado pelo Minist\u00e9rio da Sa\u00fade, foram confirmadas 140 mortes em decorr\u00eancia da infec\u00e7\u00e3o pelo v\u00edrus da dengue. No mesmo per\u00edodo do ano passado, foram registrados 705.231 casos prov\u00e1veis de dengue. Assim como no ano passado, a [&hellip;]<\/p>\n","protected":false},"author":2,"featured_media":40847,"comment_status":"open","ping_status":"closed","sticky":false,"template":"","format":"standard","meta":{"tdm_status":"","tdm_grid_status":"","footnotes":""},"categories":[22,5],"tags":[],"class_list":{"0":"post-85132","1":"post","2":"type-post","3":"status-publish","4":"format-standard","5":"has-post-thumbnail","7":"category-brasil","8":"category-saude-e-vida"},"_links":{"self":[{"href":"https:\/\/migracao.redenoticia.com.br\/noticia\/wp-json\/wp\/v2\/posts\/85132","targetHints":{"allow":["GET"]}}],"collection":[{"href":"https:\/\/migracao.redenoticia.com.br\/noticia\/wp-json\/wp\/v2\/posts"}],"about":[{"href":"https:\/\/migracao.redenoticia.com.br\/noticia\/wp-json\/wp\/v2\/types\/post"}],"author":[{"embeddable":true,"href":"https:\/\/migracao.redenoticia.com.br\/noticia\/wp-json\/wp\/v2\/users\/2"}],"replies":[{"embeddable":true,"href":"https:\/\/migracao.redenoticia.com.br\/noticia\/wp-json\/wp\/v2\/comments?post=85132"}],"version-history":[{"count":0,"href":"https:\/\/migracao.redenoticia.com.br\/noticia\/wp-json\/wp\/v2\/posts\/85132\/revisions"}],"wp:featuredmedia":[{"embeddable":true,"href":"https:\/\/migracao.redenoticia.com.br\/noticia\/wp-json\/wp\/v2\/media\/40847"}],"wp:attachment":[{"href":"https:\/\/migracao.redenoticia.com.br\/noticia\/wp-json\/wp\/v2\/media?parent=85132"}],"wp:term":[{"taxonomy":"category","embeddable":true,"href":"https:\/\/migracao.redenoticia.com.br\/noticia\/wp-json\/wp\/v2\/categories?post=85132"},{"taxonomy":"post_tag","embeddable":true,"href":"https:\/\/migracao.redenoticia.com.br\/noticia\/wp-json\/wp\/v2\/tags?post=85132"}],"curies":[{"name":"wp","href":"https:\/\/api.w.org\/{rel}","templated":true}]}}