{"id":85183,"date":"2016-04-27T17:28:48","date_gmt":"2016-04-27T20:28:48","guid":{"rendered":"http:\/\/www.redenoticia.com.br\/noticia\/?p=85183"},"modified":"2016-04-27T17:28:48","modified_gmt":"2016-04-27T20:28:48","slug":"novela-abismo-da-paixao-resumo-2804-damiao-pede-perdao-a-elisa","status":"publish","type":"post","link":"https:\/\/migracao.redenoticia.com.br\/noticia\/2016\/novela-abismo-da-paixao-resumo-2804-damiao-pede-perdao-a-elisa\/85183","title":{"rendered":"Novela \u201cAbismo da Paix\u00e3o\u201d resumo 28\/04: Dami\u00e3o pede perd\u00e3o a Elisa"},"content":{"rendered":"<p> <img loading=\"lazy\" decoding=\"async\" class=\"alignleft size-thumbnail wp-image-81978\" src=\"https:\/\/migracao.redenoticia.com.br\/noticia\/imagens\/abismo_de_paixao_sbt_resumo_novela-150x112.jpg\" alt=\"abismo_de_paixao_sbt_resumo_novela\" width=\"150\" height=\"112\" srcset=\"https:\/\/migracao.redenoticia.com.br\/noticia\/imagens\/abismo_de_paixao_sbt_resumo_novela-150x112.jpg 150w, https:\/\/migracao.redenoticia.com.br\/noticia\/imagens\/abismo_de_paixao_sbt_resumo_novela-265x198.jpg 265w\" sizes=\"auto, (max-width: 150px) 100vw, 150px\" \/><strong><em>Novela \u201cAbismo da Paix\u00e3o\u201d resumo 28\/04<\/em><\/strong>: Augusto diz a Carmen que o preocupa que Dami\u00e3o esteja pr\u00f3ximo a Elisa. Carmen, querendo causar intriga, responde que Dami\u00e3o vai se casar e Elisa \u00e9 quem n\u00e3o o tem deixado em paz. Mais tarde, Dami\u00e3o e Elisa se encontram, ele pede perd\u00e3o por t\u00ea-la beijado e diz que ser\u00e1 a \u00faltima vez em que se veem em muito tempo, pois ele ir\u00e1 novamente para a capital. Elisa se entristece, pois o ama.<\/p>\n<p>No cap\u00edtulo 024 (*), novela \u201cAbismo da Paix\u00e3o\u201d, quinta-feira, 28 de abril \u2013 Flor\u00eancia diz a Dami\u00e3o que se a ama de verdade, demonstre e se casem no civil imediatamente. Dami\u00e3o responde que eles n\u00e3o podem adiantar o casamento para logo porque poderiam pensar que ela est\u00e1 gr\u00e1vida. <\/p>\n<p>Augusto diz a Carmen que o preocupa que Dami\u00e3o esteja pr\u00f3ximo a Elisa. Carmen, querendo causar intriga, responde que Dami\u00e3o vai se casar e Elisa \u00e9 quem n\u00e3o o tem deixado em paz. Br\u00e1ulio diz a Dami\u00e3o que \u00e9 uma pena que ele n\u00e3o tenha interesse em assumir a processadora, pois todos os trabalhadores o esperavam com muito entusiasmo. Dami\u00e3o pergunta a Br\u00e1ulio se ele tem problemas com Ramiro. <\/p>\n<p>Ele responde que todos os trabalhadores t\u00eam problemas com Ramiro. Dami\u00e3o pede perd\u00e3o a Elisa por t\u00ea-la beijado e diz que ser\u00e1 a \u00faltima vez em que se veem em muito tempo, pois ele ir\u00e1 novamente para a capital.  <\/p>\n<p>(*) edi\u00e7\u00e3o do SBT, Novela \u201cAbismo da Paix\u00e3o\u201d, sujeito a altera\u00e7\u00e3o de data e conte\u00fado.<\/p>\n","protected":false},"excerpt":{"rendered":"<p>Novela \u201cAbismo da Paix\u00e3o\u201d resumo 28\/04: Augusto diz a Carmen que o preocupa que Dami\u00e3o esteja pr\u00f3ximo a Elisa. Carmen, querendo causar intriga, responde que Dami\u00e3o vai se casar e Elisa \u00e9 quem n\u00e3o o tem deixado em paz. Mais tarde, Dami\u00e3o e Elisa se encontram, ele pede perd\u00e3o por t\u00ea-la beijado e diz que [&hellip;]<\/p>\n","protected":false},"author":2,"featured_media":81978,"comment_status":"open","ping_status":"closed","sticky":false,"template":"","format":"standard","meta":{"tdm_status":"","tdm_grid_status":"","footnotes":""},"categories":[379,372,343],"tags":[441],"class_list":{"0":"post-85183","1":"post","2":"type-post","3":"status-publish","4":"format-standard","5":"has-post-thumbnail","7":"category-novelas","8":"category-sbt","9":"category-televisao","10":"tag-resumo-do-dia"},"_links":{"self":[{"href":"https:\/\/migracao.redenoticia.com.br\/noticia\/wp-json\/wp\/v2\/posts\/85183","targetHints":{"allow":["GET"]}}],"collection":[{"href":"https:\/\/migracao.redenoticia.com.br\/noticia\/wp-json\/wp\/v2\/posts"}],"about":[{"href":"https:\/\/migracao.redenoticia.com.br\/noticia\/wp-json\/wp\/v2\/types\/post"}],"author":[{"embeddable":true,"href":"https:\/\/migracao.redenoticia.com.br\/noticia\/wp-json\/wp\/v2\/users\/2"}],"replies":[{"embeddable":true,"href":"https:\/\/migracao.redenoticia.com.br\/noticia\/wp-json\/wp\/v2\/comments?post=85183"}],"version-history":[{"count":0,"href":"https:\/\/migracao.redenoticia.com.br\/noticia\/wp-json\/wp\/v2\/posts\/85183\/revisions"}],"wp:featuredmedia":[{"embeddable":true,"href":"https:\/\/migracao.redenoticia.com.br\/noticia\/wp-json\/wp\/v2\/media\/81978"}],"wp:attachment":[{"href":"https:\/\/migracao.redenoticia.com.br\/noticia\/wp-json\/wp\/v2\/media?parent=85183"}],"wp:term":[{"taxonomy":"category","embeddable":true,"href":"https:\/\/migracao.redenoticia.com.br\/noticia\/wp-json\/wp\/v2\/categories?post=85183"},{"taxonomy":"post_tag","embeddable":true,"href":"https:\/\/migracao.redenoticia.com.br\/noticia\/wp-json\/wp\/v2\/tags?post=85183"}],"curies":[{"name":"wp","href":"https:\/\/api.w.org\/{rel}","templated":true}]}}