{"id":85185,"date":"2016-04-27T17:32:12","date_gmt":"2016-04-27T20:32:12","guid":{"rendered":"http:\/\/www.redenoticia.com.br\/noticia\/?p=85185"},"modified":"2016-04-27T18:06:26","modified_gmt":"2016-04-27T21:06:26","slug":"novela-meu-coracao-e-teu-resumo-2804-diego-leva-ana-para-uma-aventura","status":"publish","type":"post","link":"https:\/\/migracao.redenoticia.com.br\/noticia\/2016\/novela-meu-coracao-e-teu-resumo-2804-diego-leva-ana-para-uma-aventura\/85185","title":{"rendered":"Novela \u201cMeu Cora\u00e7\u00e3o \u00e9 Teu\u201d resumo 28\/04: Diego leva Ana para uma aventura"},"content":{"rendered":"<p> <img loading=\"lazy\" decoding=\"async\" src=\"https:\/\/migracao.redenoticia.com.br\/noticia\/imagens\/meu_coracao_e_teu_novela_resumo_sbt-150x112.jpg\" alt=\"meu_coracao_e_teu_novela_resumo_sbt\" width=\"150\" height=\"112\" class=\"alignleft size-thumbnail wp-image-82119\" srcset=\"https:\/\/migracao.redenoticia.com.br\/noticia\/imagens\/meu_coracao_e_teu_novela_resumo_sbt-150x112.jpg 150w, https:\/\/migracao.redenoticia.com.br\/noticia\/imagens\/meu_coracao_e_teu_novela_resumo_sbt-265x198.jpg 265w\" sizes=\"auto, (max-width: 150px) 100vw, 150px\" \/><strong><em>Novela \u201cMeu Cora\u00e7\u00e3o \u00e9 Teu\u201d resumo 28\/04<\/em><\/strong>: Diego leva Ana para escalar uma montanha e viver uma aventura. Ao escalar, Ana pisa em falso e se assusta muito. Diego diz que a seu lado ela sempre estar\u00e1 segura. Diego diz a Ana que sua afei\u00e7\u00e3o por esportes radicais era por ele se sentir muito sozinho, mas que agora os esportes n\u00e3o parecem mais t\u00e3o necess\u00e1rios, pois ela preenche um vazio em seu cora\u00e7\u00e3o.<\/p>\n<p>No cap\u00edtulo 044 (*), novela \u201cMeu Cora\u00e7\u00e3o \u00e9 Teu\u201d, quinta-feira, 28 de abril \u2013 Ao escalar Ana pisa em falso e se assusta muito. Diego diz que a seu lado ela sempre estar\u00e1 segura. Regina confessa a Leon que \u00e9 apaixonada por ele desde os seus 12 anos. Nicolas leva Jennifer para sua fazenda e diz que ali ser\u00e1 o casamento deles. Isabela diz a Yolanda que ela deveria estar junto a Fernando e seus filhos, mas prefere ir embora. Fernando n\u00e3o d\u00e1 a m\u00ednima import\u00e2ncia quando Isabela o diz que vai embora e isso a entristece. <\/p>\n<p>Helena explica a Fanny e a Laura que o que tem \u00e9 um tipo de depress\u00e3o e que se afastou de Nando por am\u00e1-lo, e n\u00e3o querer que ele se sinta obrigado a cuidar dela e lidar com seus problemas. Laura se porta mal com Helena e isso deixa Fanny zangada. <\/p>\n<p>Diego diz a Ana que sua afei\u00e7\u00e3o por esportes radicais era por ele se sentir muito sozinho, mas que agora os esportes n\u00e3o parecem mais t\u00e3o necess\u00e1rios, pois ela preenche um vazio em seu cora\u00e7\u00e3o. Henrique conta a Isabela o que Fanny lhe disse, e completa dizendo esperar que n\u00e3o haja consequ\u00eancias. Ana decide falar com Yolanda. <\/p>\n<p>(*) edi\u00e7\u00e3o do SBT, Novela \u201cMeu Cora\u00e7\u00e3o \u00e9 Teu\u201d, sujeito a altera\u00e7\u00e3o de data e conte\u00fado.<\/p>\n","protected":false},"excerpt":{"rendered":"<p>Novela \u201cMeu Cora\u00e7\u00e3o \u00e9 Teu\u201d resumo 28\/04: Diego leva Ana para escalar uma montanha e viver uma aventura. Ao escalar, Ana pisa em falso e se assusta muito. Diego diz que a seu lado ela sempre estar\u00e1 segura. Diego diz a Ana que sua afei\u00e7\u00e3o por esportes radicais era por ele se sentir muito sozinho, [&hellip;]<\/p>\n","protected":false},"author":2,"featured_media":82119,"comment_status":"open","ping_status":"closed","sticky":false,"template":"","format":"standard","meta":{"tdm_status":"","tdm_grid_status":"","footnotes":""},"categories":[379,372,343],"tags":[441],"class_list":{"0":"post-85185","1":"post","2":"type-post","3":"status-publish","4":"format-standard","5":"has-post-thumbnail","7":"category-novelas","8":"category-sbt","9":"category-televisao","10":"tag-resumo-do-dia"},"_links":{"self":[{"href":"https:\/\/migracao.redenoticia.com.br\/noticia\/wp-json\/wp\/v2\/posts\/85185","targetHints":{"allow":["GET"]}}],"collection":[{"href":"https:\/\/migracao.redenoticia.com.br\/noticia\/wp-json\/wp\/v2\/posts"}],"about":[{"href":"https:\/\/migracao.redenoticia.com.br\/noticia\/wp-json\/wp\/v2\/types\/post"}],"author":[{"embeddable":true,"href":"https:\/\/migracao.redenoticia.com.br\/noticia\/wp-json\/wp\/v2\/users\/2"}],"replies":[{"embeddable":true,"href":"https:\/\/migracao.redenoticia.com.br\/noticia\/wp-json\/wp\/v2\/comments?post=85185"}],"version-history":[{"count":0,"href":"https:\/\/migracao.redenoticia.com.br\/noticia\/wp-json\/wp\/v2\/posts\/85185\/revisions"}],"wp:featuredmedia":[{"embeddable":true,"href":"https:\/\/migracao.redenoticia.com.br\/noticia\/wp-json\/wp\/v2\/media\/82119"}],"wp:attachment":[{"href":"https:\/\/migracao.redenoticia.com.br\/noticia\/wp-json\/wp\/v2\/media?parent=85185"}],"wp:term":[{"taxonomy":"category","embeddable":true,"href":"https:\/\/migracao.redenoticia.com.br\/noticia\/wp-json\/wp\/v2\/categories?post=85185"},{"taxonomy":"post_tag","embeddable":true,"href":"https:\/\/migracao.redenoticia.com.br\/noticia\/wp-json\/wp\/v2\/tags?post=85185"}],"curies":[{"name":"wp","href":"https:\/\/api.w.org\/{rel}","templated":true}]}}