{"id":85191,"date":"2016-04-27T17:44:17","date_gmt":"2016-04-27T20:44:17","guid":{"rendered":"http:\/\/www.redenoticia.com.br\/noticia\/?p=85191"},"modified":"2016-04-27T17:44:17","modified_gmt":"2016-04-27T20:44:17","slug":"novela-sila-resumo-2804-bedar-luta-para-salvar-a-vida-dos-filhos","status":"publish","type":"post","link":"https:\/\/migracao.redenoticia.com.br\/noticia\/2016\/novela-sila-resumo-2804-bedar-luta-para-salvar-a-vida-dos-filhos\/85191","title":{"rendered":"Novela \u201cSila\u201d resumo 28\/04: Bedar luta para salvar a vida dos filhos"},"content":{"rendered":"<p> <img loading=\"lazy\" decoding=\"async\" src=\"https:\/\/migracao.redenoticia.com.br\/noticia\/imagens\/sila_band_novela_resumo_capitulo-150x112.jpg\" alt=\"sila_band_novela_resumo_capitulo\" width=\"150\" height=\"112\" class=\"alignleft size-thumbnail wp-image-83098\" srcset=\"https:\/\/migracao.redenoticia.com.br\/noticia\/imagens\/sila_band_novela_resumo_capitulo-150x112.jpg 150w, https:\/\/migracao.redenoticia.com.br\/noticia\/imagens\/sila_band_novela_resumo_capitulo-265x198.jpg 265w\" sizes=\"auto, (max-width: 150px) 100vw, 150px\" \/><strong><em> Novela \u201cSila\u201d resumo 28\/04<\/em><\/strong>: Celil desmaia ao descobrir que seus filhos fugiram, j\u00e1 que tra\u00edram os costumes. Por isso, ele amea\u00e7a Sila para que volte, caso contr\u00e1rio ser\u00e1 ele mesmo quem ter\u00e1 que mat\u00e1-la para cumprir com a tradi\u00e7\u00e3o. A tribo \u00e9 clara e destaca o que tem que fazer para cumprir com a tradi\u00e7\u00e3o, segundo a qual Celil dever\u00e1 matar seus filhos. Contudo, Bedar diz a seu esposo que, se fizer isso, n\u00e3o voltar\u00e1 a v\u00ea-la nunca mais. Bedar pede \u00e0 m\u00e3e de Boran que interceda para salvar a vida dos filhos.<\/p>\n<p>No capitulo 027 (*), novela \u201cSila\u201d, quinta-feira, 28 de abril \u2013 Boran e o amigo Abay viajam juntos para Istambul. Dihan tamb\u00e9m vai. A mans\u00e3o de Sila est\u00e1 protegida por v\u00e1rios seguran\u00e7as armados. Sila chega \u00e0 empresa para participar de uma reuni\u00e3o e se desentende com Emre. Bedar pede \u00e0 m\u00e3e de Boran que interceda para salvar a vida dos filhos. Ayse conta a Sila que Boran desmontou o quarto de Yezda e que viajou para mat\u00e1-la. <\/p>\n<p> Boran descobre onde Sila est\u00e1. Dihan visita os tios de Sila em busca de mais informa\u00e7\u00f5es sobre ela. Sila sonha que tem um encontro apaixonado com Boran. Azad confirma que todos morrer\u00e3o segundo a tradi\u00e7\u00e3o. Boran tira a alian\u00e7a e a joga no mar. Celil viaja para Istambul para cumprir as leis da tribo. <\/p>\n<p> Boran v\u00ea Sila chegando \u00e0 empresa com Emre. Bedar tamb\u00e9m decide viajar para Istambul. Narin se arrepende de ter fugido e briga com Azad. Sila visita o cemit\u00e9rio e chora no t\u00famulo dos pais. Narin conforta Sila e v\u00ea Boran observando de longe. Bedar chega a Istambul e liga para Sila. Celil \u00e9 detido pelos seguran\u00e7as de Sila. <\/p>\n<p>(*) edi\u00e7\u00e3o da Band, Novela \u201cSila\u201d, sujeito a altera\u00e7\u00e3o de data e conte\u00fado.<\/p>\n","protected":false},"excerpt":{"rendered":"<p>Novela \u201cSila\u201d resumo 28\/04: Celil desmaia ao descobrir que seus filhos fugiram, j\u00e1 que tra\u00edram os costumes. Por isso, ele amea\u00e7a Sila para que volte, caso contr\u00e1rio ser\u00e1 ele mesmo quem ter\u00e1 que mat\u00e1-la para cumprir com a tradi\u00e7\u00e3o. A tribo \u00e9 clara e destaca o que tem que fazer para cumprir com a tradi\u00e7\u00e3o, [&hellip;]<\/p>\n","protected":false},"author":2,"featured_media":83098,"comment_status":"open","ping_status":"closed","sticky":false,"template":"","format":"standard","meta":{"tdm_status":"","tdm_grid_status":"","footnotes":""},"categories":[390,379,343],"tags":[441],"class_list":{"0":"post-85191","1":"post","2":"type-post","3":"status-publish","4":"format-standard","5":"has-post-thumbnail","7":"category-band","8":"category-novelas","9":"category-televisao","10":"tag-resumo-do-dia"},"_links":{"self":[{"href":"https:\/\/migracao.redenoticia.com.br\/noticia\/wp-json\/wp\/v2\/posts\/85191","targetHints":{"allow":["GET"]}}],"collection":[{"href":"https:\/\/migracao.redenoticia.com.br\/noticia\/wp-json\/wp\/v2\/posts"}],"about":[{"href":"https:\/\/migracao.redenoticia.com.br\/noticia\/wp-json\/wp\/v2\/types\/post"}],"author":[{"embeddable":true,"href":"https:\/\/migracao.redenoticia.com.br\/noticia\/wp-json\/wp\/v2\/users\/2"}],"replies":[{"embeddable":true,"href":"https:\/\/migracao.redenoticia.com.br\/noticia\/wp-json\/wp\/v2\/comments?post=85191"}],"version-history":[{"count":0,"href":"https:\/\/migracao.redenoticia.com.br\/noticia\/wp-json\/wp\/v2\/posts\/85191\/revisions"}],"wp:featuredmedia":[{"embeddable":true,"href":"https:\/\/migracao.redenoticia.com.br\/noticia\/wp-json\/wp\/v2\/media\/83098"}],"wp:attachment":[{"href":"https:\/\/migracao.redenoticia.com.br\/noticia\/wp-json\/wp\/v2\/media?parent=85191"}],"wp:term":[{"taxonomy":"category","embeddable":true,"href":"https:\/\/migracao.redenoticia.com.br\/noticia\/wp-json\/wp\/v2\/categories?post=85191"},{"taxonomy":"post_tag","embeddable":true,"href":"https:\/\/migracao.redenoticia.com.br\/noticia\/wp-json\/wp\/v2\/tags?post=85191"}],"curies":[{"name":"wp","href":"https:\/\/api.w.org\/{rel}","templated":true}]}}