{"id":85195,"date":"2016-04-27T17:49:21","date_gmt":"2016-04-27T20:49:21","guid":{"rendered":"http:\/\/www.redenoticia.com.br\/noticia\/?p=85195"},"modified":"2016-04-27T17:49:21","modified_gmt":"2016-04-27T20:49:21","slug":"novela-chamas-da-vida-resumo-2804-arlete-busca-a-confissao-de-vilma","status":"publish","type":"post","link":"https:\/\/migracao.redenoticia.com.br\/noticia\/2016\/novela-chamas-da-vida-resumo-2804-arlete-busca-a-confissao-de-vilma\/85195","title":{"rendered":"Novela \u201cChamas da Vida\u201d resumo 28\/04: Arlete busca a confiss\u00e3o de Vilma"},"content":{"rendered":"<p> <img loading=\"lazy\" decoding=\"async\" src=\"https:\/\/migracao.redenoticia.com.br\/noticia\/imagens\/chamas_da_vida_resumo_novela-150x112.jpeg\" alt=\"chamas_da_vida_resumo_novela\" width=\"150\" height=\"112\" class=\"alignleft size-thumbnail wp-image-82020\" \/><strong><em>Novela \u201cChamas da Vida\u201d resumo 28\/04<\/em><\/strong>: Arlete est\u00e1 obstinada a provar que Vilma incendiou a f\u00e1brica. Ela promete dar uma parte da GG a Tom\u00e1s se Vilma sair do pa\u00eds, e diz que lhe dar\u00e1 mais detalhes pessoalmente, num lugar reservado. Pedro diz a Ant\u00f4nio que vai escondido ao encontro de Arlete com Vilma. Eurico avisa Caz\u00e9 e J\u00fanior de que a pol\u00edcia vai estar \u00e0 paisana, no encontro. Logo depois, Arlete mostra, a Ivonete, a Carolina e a Gildete, um anel com um aparelho de escuta. Arlete diz que vai apanhar a confiss\u00e3o de Vilma e vai \u00e0 pol\u00edcia.<\/p>\n<p>No capitulo 127 (*), novela \u201cChamas da Vida\u201d, quinta-feira, 28 de abril \u2013 Vilma telefona a Arlete, que diz que d\u00e1 uma parte da GG a Tom\u00e1s, se Vilma sair do pa\u00eds. Arlete diz que lhe dar\u00e1 mais detalhes pessoalmente, num lugar reservado e desliga o telefone. Pedro diz a Ant\u00f4nio que vai escondido ao encontro de Arlete com Vilma. Eurico avisa Caz\u00e9 e J\u00fanior de que a pol\u00edcia vai estar \u00e0 paisana, no encontro. <\/p>\n<p>Arlete mostra, a Ivonete, a Carolina e a Gildete, um anel com um aparelho de escuta. Carolina diz a Arlete que \u00e9 perigoso encontrar-se com Vilma. Arlete diz que vai apanhar a confiss\u00e3o de Vilma e vai \u00e0 pol\u00edcia. Carolina e Ivonete contam a Gildete que v\u00e3o trancar Arlete no quarto, para que ela n\u00e3o v\u00e1 ao encontro com Vilma. Walter escuta Suelen e Lourdes conversando sobre o encontro de Arlete com Vilma. Telma conta a Manu a e Marreta onde vai ser o encontro de Arlete e Vilma. <\/p>\n<p>Walter diz que vai ao encontro de Arlete e Vilma. Suelen diz a Lourdes que n\u00e3o \u00e9 bom contar a Arlete que Walter vai ao encontro. Suelen diz que vai tirar folga nesse dia. Telma liga para Leo e conta tudo sobre o encontro. Beatriz escuta e Leo conta sobre o encontro de Arlete com Vilma. Arlete fica presa no quarto e pede para Gildete a soltar. Gildete diz que prometeu a Carolina para n\u00e3o a deixar sair de casa. Rafa diz a Vivi que acha que Ant\u00f4nio deve ter ido atr\u00e1s de Vilma. Delegado Fausto e Xavier preparam-se para ir ao encontro.<\/p>\n<p>(*) edi\u00e7\u00e3o da Rede Record, Novela \u201cChamas da Vida\u201d, sujeito a altera\u00e7\u00e3o de data e conte\u00fado.<\/p>\n","protected":false},"excerpt":{"rendered":"<p>Novela \u201cChamas da Vida\u201d resumo 28\/04: Arlete est\u00e1 obstinada a provar que Vilma incendiou a f\u00e1brica. Ela promete dar uma parte da GG a Tom\u00e1s se Vilma sair do pa\u00eds, e diz que lhe dar\u00e1 mais detalhes pessoalmente, num lugar reservado. Pedro diz a Ant\u00f4nio que vai escondido ao encontro de Arlete com Vilma. Eurico [&hellip;]<\/p>\n","protected":false},"author":2,"featured_media":82020,"comment_status":"open","ping_status":"closed","sticky":false,"template":"","format":"standard","meta":{"tdm_status":"","tdm_grid_status":"","footnotes":""},"categories":[379,371,343],"tags":[441],"class_list":{"0":"post-85195","1":"post","2":"type-post","3":"status-publish","4":"format-standard","5":"has-post-thumbnail","7":"category-novelas","8":"category-rede-record","9":"category-televisao","10":"tag-resumo-do-dia"},"_links":{"self":[{"href":"https:\/\/migracao.redenoticia.com.br\/noticia\/wp-json\/wp\/v2\/posts\/85195","targetHints":{"allow":["GET"]}}],"collection":[{"href":"https:\/\/migracao.redenoticia.com.br\/noticia\/wp-json\/wp\/v2\/posts"}],"about":[{"href":"https:\/\/migracao.redenoticia.com.br\/noticia\/wp-json\/wp\/v2\/types\/post"}],"author":[{"embeddable":true,"href":"https:\/\/migracao.redenoticia.com.br\/noticia\/wp-json\/wp\/v2\/users\/2"}],"replies":[{"embeddable":true,"href":"https:\/\/migracao.redenoticia.com.br\/noticia\/wp-json\/wp\/v2\/comments?post=85195"}],"version-history":[{"count":0,"href":"https:\/\/migracao.redenoticia.com.br\/noticia\/wp-json\/wp\/v2\/posts\/85195\/revisions"}],"wp:featuredmedia":[{"embeddable":true,"href":"https:\/\/migracao.redenoticia.com.br\/noticia\/wp-json\/wp\/v2\/media\/82020"}],"wp:attachment":[{"href":"https:\/\/migracao.redenoticia.com.br\/noticia\/wp-json\/wp\/v2\/media?parent=85195"}],"wp:term":[{"taxonomy":"category","embeddable":true,"href":"https:\/\/migracao.redenoticia.com.br\/noticia\/wp-json\/wp\/v2\/categories?post=85195"},{"taxonomy":"post_tag","embeddable":true,"href":"https:\/\/migracao.redenoticia.com.br\/noticia\/wp-json\/wp\/v2\/tags?post=85195"}],"curies":[{"name":"wp","href":"https:\/\/api.w.org\/{rel}","templated":true}]}}