{"id":85199,"date":"2016-04-27T17:55:28","date_gmt":"2016-04-27T20:55:28","guid":{"rendered":"http:\/\/www.redenoticia.com.br\/noticia\/?p=85199"},"modified":"2016-04-27T17:55:28","modified_gmt":"2016-04-27T20:55:28","slug":"novela-anjo-mau-resumo-2804-rodrigo-conta-para-nice-que-vai-se-casar","status":"publish","type":"post","link":"https:\/\/migracao.redenoticia.com.br\/noticia\/2016\/novela-anjo-mau-resumo-2804-rodrigo-conta-para-nice-que-vai-se-casar\/85199","title":{"rendered":"Novela \u201cAnjo Mau\u201d resumo 28\/04: Rodrigo conta para Nice que vai se casar"},"content":{"rendered":"<p> <img loading=\"lazy\" decoding=\"async\" class=\"alignleft size-thumbnail wp-image-83094\" src=\"https:\/\/migracao.redenoticia.com.br\/noticia\/imagens\/anjo_mau_novela_resumo-150x112.jpg\" alt=\"anjo_mau_novela_resumo\" width=\"150\" height=\"112\" srcset=\"https:\/\/migracao.redenoticia.com.br\/noticia\/imagens\/anjo_mau_novela_resumo-150x112.jpg 150w, https:\/\/migracao.redenoticia.com.br\/noticia\/imagens\/anjo_mau_novela_resumo-265x198.jpg 265w\" sizes=\"auto, (max-width: 150px) 100vw, 150px\" \/><strong><em>Novela \u201cAnjo Mau\u201d resumo 28\/04<\/em><\/strong>: para impedir que um carro bata no carrinho de T\u00e9o, Nice \u00e9 atropelada. O m\u00e9dico da fam\u00edlia faz um curativo no ferimento que Nice tem na testa. Stela n\u00e3o sabe como agradecer \u00e0 bab\u00e1. Mas, n\u00e3o vai ser s\u00f3 a testa que vai ficar machucada, o cora\u00e7\u00e3o tamb\u00e9m. Rodrigo comunica a Nice que est\u00e1 namorando L\u00edgia e vai se casar com ela.<\/p>\n<p>No capitulo 024(*), novela \u201cAnjo Mau\u201d, quinta-feira, 28 de abril \u2013 O m\u00e9dico da fam\u00edlia faz um curativo no ferimento que Nice tem na testa. Stela n\u00e3o sabe como agradecer \u00e0 bab\u00e1. Goreti fica horrorizada depois que AIz\u00ecra lhe conta seu segredo. <\/p>\n<p>Frederico fica furioso ao descobrir que Elis\u00ecnha gastou o dinheiro que ele deu para pagar Goreti. Frederico obriga Olavo a lhe dizer o nome do amigo que viu o pai dele em Nova York. Guilherme diz a Helena que seu pai virou um homem de neg\u00f3cios. Ela n\u00e3o acredita. <\/p>\n<p>L\u00edgia e Rodrigo come\u00e7am a namorar. Beny pede a Frederico que n\u00e3o conte a Goreti que \u00e9 irm\u00e3o de Elisinha. Rodrigo comunica a Nice que vai se casar com L\u00edgia.  <\/p>\n<p>(*) edi\u00e7\u00e3o da Rede Globo, Novela \u201cAnjo Mau\u201d, sujeito a altera\u00e7\u00e3o de data e conte\u00fado.<\/p>\n","protected":false},"excerpt":{"rendered":"<p>Novela \u201cAnjo Mau\u201d resumo 28\/04: para impedir que um carro bata no carrinho de T\u00e9o, Nice \u00e9 atropelada. O m\u00e9dico da fam\u00edlia faz um curativo no ferimento que Nice tem na testa. Stela n\u00e3o sabe como agradecer \u00e0 bab\u00e1. Mas, n\u00e3o vai ser s\u00f3 a testa que vai ficar machucada, o cora\u00e7\u00e3o tamb\u00e9m. Rodrigo comunica [&hellip;]<\/p>\n","protected":false},"author":2,"featured_media":83094,"comment_status":"open","ping_status":"closed","sticky":false,"template":"","format":"standard","meta":{"tdm_status":"","tdm_grid_status":"","footnotes":""},"categories":[379,375,343],"tags":[441],"class_list":{"0":"post-85199","1":"post","2":"type-post","3":"status-publish","4":"format-standard","5":"has-post-thumbnail","7":"category-novelas","8":"category-rede-globo","9":"category-televisao","10":"tag-resumo-do-dia"},"_links":{"self":[{"href":"https:\/\/migracao.redenoticia.com.br\/noticia\/wp-json\/wp\/v2\/posts\/85199","targetHints":{"allow":["GET"]}}],"collection":[{"href":"https:\/\/migracao.redenoticia.com.br\/noticia\/wp-json\/wp\/v2\/posts"}],"about":[{"href":"https:\/\/migracao.redenoticia.com.br\/noticia\/wp-json\/wp\/v2\/types\/post"}],"author":[{"embeddable":true,"href":"https:\/\/migracao.redenoticia.com.br\/noticia\/wp-json\/wp\/v2\/users\/2"}],"replies":[{"embeddable":true,"href":"https:\/\/migracao.redenoticia.com.br\/noticia\/wp-json\/wp\/v2\/comments?post=85199"}],"version-history":[{"count":0,"href":"https:\/\/migracao.redenoticia.com.br\/noticia\/wp-json\/wp\/v2\/posts\/85199\/revisions"}],"wp:featuredmedia":[{"embeddable":true,"href":"https:\/\/migracao.redenoticia.com.br\/noticia\/wp-json\/wp\/v2\/media\/83094"}],"wp:attachment":[{"href":"https:\/\/migracao.redenoticia.com.br\/noticia\/wp-json\/wp\/v2\/media?parent=85199"}],"wp:term":[{"taxonomy":"category","embeddable":true,"href":"https:\/\/migracao.redenoticia.com.br\/noticia\/wp-json\/wp\/v2\/categories?post=85199"},{"taxonomy":"post_tag","embeddable":true,"href":"https:\/\/migracao.redenoticia.com.br\/noticia\/wp-json\/wp\/v2\/tags?post=85199"}],"curies":[{"name":"wp","href":"https:\/\/api.w.org\/{rel}","templated":true}]}}