{"id":85251,"date":"2016-04-28T18:21:18","date_gmt":"2016-04-28T21:21:18","guid":{"rendered":"http:\/\/www.redenoticia.com.br\/noticia\/?p=85251"},"modified":"2016-04-28T14:26:48","modified_gmt":"2016-04-28T17:26:48","slug":"novela-cumplices-de-um-resgate-resumo-2904-isabela-e-teo-chegam-na-gravadora","status":"publish","type":"post","link":"https:\/\/migracao.redenoticia.com.br\/noticia\/2016\/novela-cumplices-de-um-resgate-resumo-2904-isabela-e-teo-chegam-na-gravadora\/85251","title":{"rendered":"Novela \u201cC\u00famplices de um Resgate\u201d resumo 29\/04: Isabela e T\u00e9o chegam na gravadora"},"content":{"rendered":"<p> <img loading=\"lazy\" decoding=\"async\" src=\"https:\/\/migracao.redenoticia.com.br\/noticia\/imagens\/cumplices_de_um_resgate_sbt_novela_resumo-150x112.jpg\" alt=\"cumplices_de_um_resgate_sbt_novela_resumo\" width=\"150\" height=\"112\" class=\"alignleft size-thumbnail wp-image-71351\" srcset=\"https:\/\/migracao.redenoticia.com.br\/noticia\/imagens\/cumplices_de_um_resgate_sbt_novela_resumo-150x112.jpg 150w, https:\/\/migracao.redenoticia.com.br\/noticia\/imagens\/cumplices_de_um_resgate_sbt_novela_resumo-265x198.jpg 265w\" sizes=\"auto, (max-width: 150px) 100vw, 150px\" \/><strong><em>Novela \u201cC\u00famplices de um Resgate\u201d resumo 29\/04<\/em><\/strong>: Isabela confia em T\u00e9o e conta a sua hist\u00f3ria. Ela fica preocupada se ele vai continuar sendo seu amigo. O garoto a abra\u00e7a e fala que a acha t\u00e3o especial quanto seus melhores amigos. Em segredo, os dois decidem faltar na aula para irem at\u00e9 a cidade ver Manuela. Eles embarcam no \u00f4nibus para a cidade. Disfar\u00e7ados e com sotaque caipira, os dois chegam \u00e0 gravadora e conseguem conversar com Manuela e os c\u00famplices.<\/p>\n<p>No cap\u00edtulo 195(*), novela \u201cC\u00famplice de um Resgate\u201d, sexta-feira, 29 de abril \u2013 Clara pensa que Luiz possui uma amante. Nina vai falar com Fiorina a pedido de Nico para esclarecer o ocorrido sobre Giuseppe. T\u00e9o \u00e9 Isabela embarcam no \u00f4nibus para a cidade. Rebeca aconselha Clara a falar com Luiz. <\/p>\n<p>Fiorina percebe que cometeu um erro com Giuseppe e vai conversar com o marido. Os dois fazem as pazes. Investigadores da pol\u00edcia v\u00e3o at\u00e9 o vilarejo atr\u00e1s de Joel. Clara decide seguir o marido. Safira d\u00e1 10 mil reais para Tomas, por\u00e9m ele diz que essa quantia n\u00e3o \u00e9 o suficiente se ela quiser preservar a carreira dela. Isabela e T\u00e9o chegam na gravadora disfar\u00e7ados e com sotaque caipira. <\/p>\n<p>Clara v\u00ea Luiz com Flora no celeiro e acha que realmente o marido est\u00e1 lhe traindo. Ot\u00e1vio promove um encontro criativo para impressionar Rebeca. Omar diz para o pai que investigadores est\u00e3o no vilarejo atr\u00e1s dele.<\/p>\n<p>(*) edi\u00e7\u00e3o do SBT, Novela \u201cC\u00famplices de um Resgate\u201d, sujeito a altera\u00e7\u00e3o de data e conte\u00fado.<\/p>\n","protected":false},"excerpt":{"rendered":"<p>Novela \u201cC\u00famplices de um Resgate\u201d resumo 29\/04: Isabela confia em T\u00e9o e conta a sua hist\u00f3ria. Ela fica preocupada se ele vai continuar sendo seu amigo. O garoto a abra\u00e7a e fala que a acha t\u00e3o especial quanto seus melhores amigos. Em segredo, os dois decidem faltar na aula para irem at\u00e9 a cidade ver [&hellip;]<\/p>\n","protected":false},"author":2,"featured_media":71351,"comment_status":"open","ping_status":"closed","sticky":false,"template":"","format":"standard","meta":{"tdm_status":"","tdm_grid_status":"","footnotes":""},"categories":[379,372,343],"tags":[441],"class_list":{"0":"post-85251","1":"post","2":"type-post","3":"status-publish","4":"format-standard","5":"has-post-thumbnail","7":"category-novelas","8":"category-sbt","9":"category-televisao","10":"tag-resumo-do-dia"},"_links":{"self":[{"href":"https:\/\/migracao.redenoticia.com.br\/noticia\/wp-json\/wp\/v2\/posts\/85251","targetHints":{"allow":["GET"]}}],"collection":[{"href":"https:\/\/migracao.redenoticia.com.br\/noticia\/wp-json\/wp\/v2\/posts"}],"about":[{"href":"https:\/\/migracao.redenoticia.com.br\/noticia\/wp-json\/wp\/v2\/types\/post"}],"author":[{"embeddable":true,"href":"https:\/\/migracao.redenoticia.com.br\/noticia\/wp-json\/wp\/v2\/users\/2"}],"replies":[{"embeddable":true,"href":"https:\/\/migracao.redenoticia.com.br\/noticia\/wp-json\/wp\/v2\/comments?post=85251"}],"version-history":[{"count":0,"href":"https:\/\/migracao.redenoticia.com.br\/noticia\/wp-json\/wp\/v2\/posts\/85251\/revisions"}],"wp:featuredmedia":[{"embeddable":true,"href":"https:\/\/migracao.redenoticia.com.br\/noticia\/wp-json\/wp\/v2\/media\/71351"}],"wp:attachment":[{"href":"https:\/\/migracao.redenoticia.com.br\/noticia\/wp-json\/wp\/v2\/media?parent=85251"}],"wp:term":[{"taxonomy":"category","embeddable":true,"href":"https:\/\/migracao.redenoticia.com.br\/noticia\/wp-json\/wp\/v2\/categories?post=85251"},{"taxonomy":"post_tag","embeddable":true,"href":"https:\/\/migracao.redenoticia.com.br\/noticia\/wp-json\/wp\/v2\/tags?post=85251"}],"curies":[{"name":"wp","href":"https:\/\/api.w.org\/{rel}","templated":true}]}}