{"id":85255,"date":"2016-04-28T19:32:15","date_gmt":"2016-04-28T22:32:15","guid":{"rendered":"http:\/\/www.redenoticia.com.br\/noticia\/?p=85255"},"modified":"2016-04-28T14:33:26","modified_gmt":"2016-04-28T17:33:26","slug":"novela-sila-resumo-2904-boran-encontra-sila-e-emre-juntos","status":"publish","type":"post","link":"https:\/\/migracao.redenoticia.com.br\/noticia\/2016\/novela-sila-resumo-2904-boran-encontra-sila-e-emre-juntos\/85255","title":{"rendered":"Novela \u201cSila\u201d resumo 29\/04: Boran encontra Sila e Emre juntos"},"content":{"rendered":"<p> <img loading=\"lazy\" decoding=\"async\" src=\"https:\/\/migracao.redenoticia.com.br\/noticia\/imagens\/sila_band_novela_resumo_capitulo-150x112.jpg\" alt=\"sila_band_novela_resumo_capitulo\" width=\"150\" height=\"112\" class=\"alignleft size-thumbnail wp-image-83098\" srcset=\"https:\/\/migracao.redenoticia.com.br\/noticia\/imagens\/sila_band_novela_resumo_capitulo-150x112.jpg 150w, https:\/\/migracao.redenoticia.com.br\/noticia\/imagens\/sila_band_novela_resumo_capitulo-265x198.jpg 265w\" sizes=\"auto, (max-width: 150px) 100vw, 150px\" \/><strong><em> Novela \u201cSila\u201d resumo 29\/04<\/em><\/strong>: Boran viaja para fazer cumprir a tradi\u00e7\u00e3o. Sila volta \u00e0 empresa de seu pai para assumir seus neg\u00f3cios, mas Emre quer fazer tudo por ela. Sila conversa por telefone com sua ex-criada e ela lhe conta que Boran viajou a Istambul e, por isso, acredita que a matar\u00e1. Burjan enlouquece e enfrenta Sila por ter tomado posse novamente da empresa. O tio da protagonista exige que ela volte ao lugar que realmente pertence, e ela escapa junto a Emre para evitar maiores conflitos. Bedar e Celil discutem porque o pai de Sila quer terminar com a agonia e cumprir com a tradi\u00e7\u00e3o. A m\u00e3e chora e suplica que salve a fam\u00edlia. Boran encontra Sila e Emre juntos, e tira uma pistola de seu bolso.<\/p>\n<p>No capitulo 028 (*), novela \u201cSila\u201d, sexta-feira, 29 de abril \u2013 Boran descobre onde Sila est\u00e1. Dihan visita os tios de Sila em busca de mais informa\u00e7\u00f5es sobre ela. Sila sonha que tem um encontro apaixonado com Boran. Azad confirma que todos morrer\u00e3o segundo a tradi\u00e7\u00e3o. Boran tira a alian\u00e7a e a joga no mar. Celil viaja para Istambul para cumprir as leis da tribo. <\/p>\n<p> Boran v\u00ea Sila chegando \u00e0 empresa com Emre. Bedar tamb\u00e9m decide viajar para Istambul. Narin se arrepende de ter fugido e briga com Azad. Sila visita o cemit\u00e9rio e chora no t\u00famulo dos pais. <\/p>\n<p>Narin conforta Sila e v\u00ea Boran observando de longe. Bedar chega a Istambul e liga para Sila. Celil \u00e9 detido pelos seguran\u00e7as de Sila. <\/p>\n<p>(*) edi\u00e7\u00e3o da Band, Novela \u201cSila\u201d, sujeito a altera\u00e7\u00e3o de data e conte\u00fado.<\/p>\n","protected":false},"excerpt":{"rendered":"<p>Novela \u201cSila\u201d resumo 29\/04: Boran viaja para fazer cumprir a tradi\u00e7\u00e3o. Sila volta \u00e0 empresa de seu pai para assumir seus neg\u00f3cios, mas Emre quer fazer tudo por ela. Sila conversa por telefone com sua ex-criada e ela lhe conta que Boran viajou a Istambul e, por isso, acredita que a matar\u00e1. Burjan enlouquece e [&hellip;]<\/p>\n","protected":false},"author":2,"featured_media":83098,"comment_status":"open","ping_status":"closed","sticky":false,"template":"","format":"standard","meta":{"tdm_status":"","tdm_grid_status":"","footnotes":""},"categories":[390,379,343],"tags":[441],"class_list":{"0":"post-85255","1":"post","2":"type-post","3":"status-publish","4":"format-standard","5":"has-post-thumbnail","7":"category-band","8":"category-novelas","9":"category-televisao","10":"tag-resumo-do-dia"},"_links":{"self":[{"href":"https:\/\/migracao.redenoticia.com.br\/noticia\/wp-json\/wp\/v2\/posts\/85255","targetHints":{"allow":["GET"]}}],"collection":[{"href":"https:\/\/migracao.redenoticia.com.br\/noticia\/wp-json\/wp\/v2\/posts"}],"about":[{"href":"https:\/\/migracao.redenoticia.com.br\/noticia\/wp-json\/wp\/v2\/types\/post"}],"author":[{"embeddable":true,"href":"https:\/\/migracao.redenoticia.com.br\/noticia\/wp-json\/wp\/v2\/users\/2"}],"replies":[{"embeddable":true,"href":"https:\/\/migracao.redenoticia.com.br\/noticia\/wp-json\/wp\/v2\/comments?post=85255"}],"version-history":[{"count":0,"href":"https:\/\/migracao.redenoticia.com.br\/noticia\/wp-json\/wp\/v2\/posts\/85255\/revisions"}],"wp:featuredmedia":[{"embeddable":true,"href":"https:\/\/migracao.redenoticia.com.br\/noticia\/wp-json\/wp\/v2\/media\/83098"}],"wp:attachment":[{"href":"https:\/\/migracao.redenoticia.com.br\/noticia\/wp-json\/wp\/v2\/media?parent=85255"}],"wp:term":[{"taxonomy":"category","embeddable":true,"href":"https:\/\/migracao.redenoticia.com.br\/noticia\/wp-json\/wp\/v2\/categories?post=85255"},{"taxonomy":"post_tag","embeddable":true,"href":"https:\/\/migracao.redenoticia.com.br\/noticia\/wp-json\/wp\/v2\/tags?post=85255"}],"curies":[{"name":"wp","href":"https:\/\/api.w.org\/{rel}","templated":true}]}}