{"id":85265,"date":"2016-04-28T17:11:40","date_gmt":"2016-04-28T20:11:40","guid":{"rendered":"http:\/\/www.redenoticia.com.br\/noticia\/?p=85265"},"modified":"2016-04-28T15:14:58","modified_gmt":"2016-04-28T18:14:58","slug":"novela-malhacao-resumo-2904-luciana-revela-a-tito-que-encontrou-pedro","status":"publish","type":"post","link":"https:\/\/migracao.redenoticia.com.br\/noticia\/2016\/novela-malhacao-resumo-2904-luciana-revela-a-tito-que-encontrou-pedro\/85265","title":{"rendered":"Novela \u201cMalha\u00e7\u00e3o\u201d resumo 29\/04: Luciana revela a Tito que encontrou Pedro"},"content":{"rendered":"<p> <img loading=\"lazy\" decoding=\"async\" src=\"https:\/\/migracao.redenoticia.com.br\/noticia\/imagens\/malhacao_seu_lugar_no_mundo-150x112.jpg\" alt=\"malhacao_seu_lugar_no_mundo\" width=\"150\" height=\"112\" class=\"alignleft size-thumbnail wp-image-72511\" srcset=\"https:\/\/migracao.redenoticia.com.br\/noticia\/imagens\/malhacao_seu_lugar_no_mundo-150x112.jpg 150w, https:\/\/migracao.redenoticia.com.br\/noticia\/imagens\/malhacao_seu_lugar_no_mundo-265x198.jpg 265w\" sizes=\"auto, (max-width: 150px) 100vw, 150px\" \/><strong><em>Novela \u201cMalha\u00e7\u00e3o\u201d resumo 29\/04 <\/em><\/strong>: depois de passar um tempo sem dar not\u00edcias, Pedro manda mensagem para Luciana e resolve aparecer para ela. Pedro n\u00e3o esclarece muito sobre o seu sumi\u00e7o. Ele diz que precisava desaparecer e, como rolou a briga com o Rodrigo, ele acreditou que era a sua chance. Pedro diz para Luciana que precisa proteger Tito e a m\u00e3e, mas n\u00e3o conta detalhes. Depois da conversa, Pedro desaparece novamente. Mais tarde, Luciana revela a Tito que encontrou Pedro.<\/p>\n<p>No capitulo 183(*), novela \u201cMalha\u00e7\u00e3o\u201d, sexta-feira, 29 de abril \u2013 Pedro garante a Luciana que n\u00e3o pode lhe contar a verdade sobre o sumi\u00e7o e diz que precisa proteger Tito e a m\u00e3e. Ana se revolta contra Tito, que reafirma a paix\u00e3o por ela. Filipe ajuda Nanda na loja de Samurai sem que o empres\u00e1rio perceba. <\/p>\n<p>Samurai promove Nanda a gerente da loja. Luciana revela a Tito que encontrou Pedro e diz que o menino contou que est\u00e1 fugindo. Samuel anuncia que J\u00falia participar\u00e1 de uma nova turma, que reunir\u00e1 os melhores alunos do col\u00e9gio. Luan agradece J\u00e9ssica por t\u00ea-lo aproximado de Thayn\u00e1. <\/p>\n<p>Tito revela a Ilza que Pedro apareceu. Ci\u00e7a afirma a Tito que Samurai \u00e9 respons\u00e1vel pela fuga de Pedro. Rodrigo questiona se Ana conhece Tito.<\/p>\n<p>(*) edi\u00e7\u00e3o da Rede Globo, Novela \u201cMalha\u00e7\u00e3o\u201d, sujeito a altera\u00e7\u00e3o de data e conte\u00fado.<\/p>\n","protected":false},"excerpt":{"rendered":"<p>Novela \u201cMalha\u00e7\u00e3o\u201d resumo 29\/04 : depois de passar um tempo sem dar not\u00edcias, Pedro manda mensagem para Luciana e resolve aparecer para ela. Pedro n\u00e3o esclarece muito sobre o seu sumi\u00e7o. Ele diz que precisava desaparecer e, como rolou a briga com o Rodrigo, ele acreditou que era a sua chance. Pedro diz para Luciana [&hellip;]<\/p>\n","protected":false},"author":2,"featured_media":72511,"comment_status":"open","ping_status":"closed","sticky":false,"template":"","format":"standard","meta":{"tdm_status":"","tdm_grid_status":"","footnotes":""},"categories":[379,375,343],"tags":[441],"class_list":{"0":"post-85265","1":"post","2":"type-post","3":"status-publish","4":"format-standard","5":"has-post-thumbnail","7":"category-novelas","8":"category-rede-globo","9":"category-televisao","10":"tag-resumo-do-dia"},"_links":{"self":[{"href":"https:\/\/migracao.redenoticia.com.br\/noticia\/wp-json\/wp\/v2\/posts\/85265","targetHints":{"allow":["GET"]}}],"collection":[{"href":"https:\/\/migracao.redenoticia.com.br\/noticia\/wp-json\/wp\/v2\/posts"}],"about":[{"href":"https:\/\/migracao.redenoticia.com.br\/noticia\/wp-json\/wp\/v2\/types\/post"}],"author":[{"embeddable":true,"href":"https:\/\/migracao.redenoticia.com.br\/noticia\/wp-json\/wp\/v2\/users\/2"}],"replies":[{"embeddable":true,"href":"https:\/\/migracao.redenoticia.com.br\/noticia\/wp-json\/wp\/v2\/comments?post=85265"}],"version-history":[{"count":0,"href":"https:\/\/migracao.redenoticia.com.br\/noticia\/wp-json\/wp\/v2\/posts\/85265\/revisions"}],"wp:featuredmedia":[{"embeddable":true,"href":"https:\/\/migracao.redenoticia.com.br\/noticia\/wp-json\/wp\/v2\/media\/72511"}],"wp:attachment":[{"href":"https:\/\/migracao.redenoticia.com.br\/noticia\/wp-json\/wp\/v2\/media?parent=85265"}],"wp:term":[{"taxonomy":"category","embeddable":true,"href":"https:\/\/migracao.redenoticia.com.br\/noticia\/wp-json\/wp\/v2\/categories?post=85265"},{"taxonomy":"post_tag","embeddable":true,"href":"https:\/\/migracao.redenoticia.com.br\/noticia\/wp-json\/wp\/v2\/tags?post=85265"}],"curies":[{"name":"wp","href":"https:\/\/api.w.org\/{rel}","templated":true}]}}