{"id":85267,"date":"2016-04-28T17:15:16","date_gmt":"2016-04-28T20:15:16","guid":{"rendered":"http:\/\/www.redenoticia.com.br\/noticia\/?p=85267"},"modified":"2016-04-28T15:19:05","modified_gmt":"2016-04-28T18:19:05","slug":"novela-eta-mundo-bom-resumo-2904-candinho-sofre-com-ausencia-de-policarpo","status":"publish","type":"post","link":"https:\/\/migracao.redenoticia.com.br\/noticia\/2016\/novela-eta-mundo-bom-resumo-2904-candinho-sofre-com-ausencia-de-policarpo\/85267","title":{"rendered":"Novela \u201cEta Mundo Bom\u201d resumo 29\/04: Candinho sofre com ausencia de Policarpo"},"content":{"rendered":"<p> <img loading=\"lazy\" decoding=\"async\" class=\"alignleft size-thumbnail wp-image-82131\" src=\"https:\/\/migracao.redenoticia.com.br\/noticia\/imagens\/eta_mundo_bom_globo_novela_resumo-150x112.jpg\" alt=\"eta_mundo_bom_globo_novela_resumo\" width=\"150\" height=\"112\" srcset=\"https:\/\/migracao.redenoticia.com.br\/noticia\/imagens\/eta_mundo_bom_globo_novela_resumo-150x112.jpg 150w, https:\/\/migracao.redenoticia.com.br\/noticia\/imagens\/eta_mundo_bom_globo_novela_resumo-265x198.jpg 265w\" sizes=\"auto, (max-width: 150px) 100vw, 150px\" \/><strong><em>Novela \u201cEta Mundo Bom\u201d resumo 29\/04<\/em><\/strong>: com a ajuda de Cara de C\u00e3o, Ernesto coloca seu plano em pr\u00e1tica e sequestra Policarpo. Candinho se desespera com o sumi\u00e7o de seu amigo. Dissimulada, Sandra conforta Candinho e aproveita para se insinuar. Como sempre, Maria n\u00e3o acredita nesta hist\u00f3ria e comenta com Anast\u00e1cia sobre suas desconfian\u00e7as.<\/p>\n<p>No capitulo 089(*), novela \u201cEta Mundo Bom\u201d, sexta-feira, 29 de abril \u2013 Anast\u00e1cia interrompe a discuss\u00e3o entre Pandolfo e Pancr\u00e1cio. Maria aceita o pedido de casamento de Celso. <\/p>\n<p>Ernesto e Cara de C\u00e3o sequestram Policarpo e Candinho se desespera. Sandra conforta Candinho e aproveita para se insinuar para o rapaz. Maria comenta suas desconfian\u00e7as sobre o rapto de Policarpo com Anast\u00e1cia. <\/p>\n<p>Maria exige que Celso encontre Jack. Braz aconselha Diana a se casar com Severo. Cam\u00e9lia n\u00e3o permite que Lauro revele a Gerusa sobre sua doen\u00e7a. Z\u00e9 dos Porcos se declara para Mafalda.<\/p>\n<p>(*) edi\u00e7\u00e3o da Rede Globo, Novela \u201cEta Mundo Bom\u201d, sujeito a altera\u00e7\u00e3o de data e conte\u00fado.<\/p>\n","protected":false},"excerpt":{"rendered":"<p>Novela \u201cEta Mundo Bom\u201d resumo 29\/04: com a ajuda de Cara de C\u00e3o, Ernesto coloca seu plano em pr\u00e1tica e sequestra Policarpo. Candinho se desespera com o sumi\u00e7o de seu amigo. Dissimulada, Sandra conforta Candinho e aproveita para se insinuar. Como sempre, Maria n\u00e3o acredita nesta hist\u00f3ria e comenta com Anast\u00e1cia sobre suas desconfian\u00e7as. No [&hellip;]<\/p>\n","protected":false},"author":2,"featured_media":82131,"comment_status":"open","ping_status":"closed","sticky":false,"template":"","format":"standard","meta":{"tdm_status":"","tdm_grid_status":"","footnotes":""},"categories":[379,375,343],"tags":[441],"class_list":{"0":"post-85267","1":"post","2":"type-post","3":"status-publish","4":"format-standard","5":"has-post-thumbnail","7":"category-novelas","8":"category-rede-globo","9":"category-televisao","10":"tag-resumo-do-dia"},"_links":{"self":[{"href":"https:\/\/migracao.redenoticia.com.br\/noticia\/wp-json\/wp\/v2\/posts\/85267","targetHints":{"allow":["GET"]}}],"collection":[{"href":"https:\/\/migracao.redenoticia.com.br\/noticia\/wp-json\/wp\/v2\/posts"}],"about":[{"href":"https:\/\/migracao.redenoticia.com.br\/noticia\/wp-json\/wp\/v2\/types\/post"}],"author":[{"embeddable":true,"href":"https:\/\/migracao.redenoticia.com.br\/noticia\/wp-json\/wp\/v2\/users\/2"}],"replies":[{"embeddable":true,"href":"https:\/\/migracao.redenoticia.com.br\/noticia\/wp-json\/wp\/v2\/comments?post=85267"}],"version-history":[{"count":0,"href":"https:\/\/migracao.redenoticia.com.br\/noticia\/wp-json\/wp\/v2\/posts\/85267\/revisions"}],"wp:featuredmedia":[{"embeddable":true,"href":"https:\/\/migracao.redenoticia.com.br\/noticia\/wp-json\/wp\/v2\/media\/82131"}],"wp:attachment":[{"href":"https:\/\/migracao.redenoticia.com.br\/noticia\/wp-json\/wp\/v2\/media?parent=85267"}],"wp:term":[{"taxonomy":"category","embeddable":true,"href":"https:\/\/migracao.redenoticia.com.br\/noticia\/wp-json\/wp\/v2\/categories?post=85267"},{"taxonomy":"post_tag","embeddable":true,"href":"https:\/\/migracao.redenoticia.com.br\/noticia\/wp-json\/wp\/v2\/tags?post=85267"}],"curies":[{"name":"wp","href":"https:\/\/api.w.org\/{rel}","templated":true}]}}