{"id":85269,"date":"2016-04-28T17:19:14","date_gmt":"2016-04-28T20:19:14","guid":{"rendered":"http:\/\/www.redenoticia.com.br\/noticia\/?p=85269"},"modified":"2016-04-28T15:23:24","modified_gmt":"2016-04-28T18:23:24","slug":"novela-totalmente-demais-resumo-2904-jonatas-consegue-desarmar-jacare","status":"publish","type":"post","link":"https:\/\/migracao.redenoticia.com.br\/noticia\/2016\/novela-totalmente-demais-resumo-2904-jonatas-consegue-desarmar-jacare\/85269","title":{"rendered":"Novela \u201cTotalmente Demais\u201d resumo 29\/04: Jonatas consegue desarmar Jacar\u00e9"},"content":{"rendered":"<p> <strong><em><img loading=\"lazy\" decoding=\"async\" class=\"alignleft size-thumbnail wp-image-76581\" src=\"https:\/\/migracao.redenoticia.com.br\/noticia\/imagens\/totalmente_demais_novela_resumo_globo-150x112.jpg\" alt=\"totalmente_demais_novela_resumo_globo\" width=\"150\" height=\"112\" srcset=\"https:\/\/migracao.redenoticia.com.br\/noticia\/imagens\/totalmente_demais_novela_resumo_globo-150x112.jpg 150w, https:\/\/migracao.redenoticia.com.br\/noticia\/imagens\/totalmente_demais_novela_resumo_globo-265x198.jpg 265w\" sizes=\"auto, (max-width: 150px) 100vw, 150px\" \/>Novela \u201cTotalmente Demais\u201d resumo 29\/04<\/em><\/strong>: quando o plano de matar Eliza n\u00e3o d\u00e1 certo, Sofia muda de lado e tenta colocar a culpa em Jacar\u00e9. Descontrolado, o bandido n\u00e3o suporta a trai\u00e7\u00e3o e d\u00e1 um tiro no peito da patricinha, antes de levar Eliza como ref\u00e9m. Lili v\u00ea toda a cena e, mesmo sem entender o motivo da filha ter provocado toda aquela situa\u00e7\u00e3o, ela a ampara. Antes de morrer, Sofia diz \u00e0 m\u00e3e que queria ser livre e que gostava da sensa\u00e7\u00e3o do perigo. Lili pergunta ainda onde errou na cria\u00e7\u00e3o dela, pois ela nunca, nem por um segundo, deixou de am\u00e1-la. Sofia diz que nunca amou ningu\u00e9m, nem mesmo ela. Mesmo depois de descobrir tudo, Lili desesperada pede aos m\u00e9dicos que reanimem a filha. Enquanto isso, Jonatas consegue desarmar Jacar\u00e9. Preso, Jacar\u00e9 revela a Germano os planos de sua filha Sofia.<\/p>\n<p>No capitulo 149 (*), novela \u201cTotalmente Demais\u201d, sexta-feira, 29 de abril \u2013 Germano consegue convencer Jacar\u00e9 a mant\u00ea-lo ref\u00e9m no lugar de Eliza. Arthur, Cida, Joj\u00f4 e os av\u00f3s descobrem sobre o sequestro de Eliza. <\/p>\n<p>Jonatas se aproxima de Jacar\u00e9 sem ser visto e consegue venc\u00ea-lo. Jacar\u00e9 \u00e9 preso. Jacar\u00e9 revela a Germano os planos de Sofia. <\/p>\n<p>Arthur procura Eliza e afirma que a ama, mas a modelo pede para que o empres\u00e1rio se afaste. Charles conta a Rafael sobre a morte de Sofia. Rafael procura Lili.<\/p>\n<p>(*) edi\u00e7\u00e3o da Rede Globo, Novela \u201cTotalmente Demais\u201d, sujeito a altera\u00e7\u00e3o de data e conte\u00fado.<\/p>\n","protected":false},"excerpt":{"rendered":"<p>Novela \u201cTotalmente Demais\u201d resumo 29\/04: quando o plano de matar Eliza n\u00e3o d\u00e1 certo, Sofia muda de lado e tenta colocar a culpa em Jacar\u00e9. Descontrolado, o bandido n\u00e3o suporta a trai\u00e7\u00e3o e d\u00e1 um tiro no peito da patricinha, antes de levar Eliza como ref\u00e9m. Lili v\u00ea toda a cena e, mesmo sem entender [&hellip;]<\/p>\n","protected":false},"author":2,"featured_media":77336,"comment_status":"open","ping_status":"closed","sticky":false,"template":"","format":"standard","meta":{"tdm_status":"","tdm_grid_status":"","footnotes":""},"categories":[379,375,343],"tags":[441],"class_list":{"0":"post-85269","1":"post","2":"type-post","3":"status-publish","4":"format-standard","5":"has-post-thumbnail","7":"category-novelas","8":"category-rede-globo","9":"category-televisao","10":"tag-resumo-do-dia"},"_links":{"self":[{"href":"https:\/\/migracao.redenoticia.com.br\/noticia\/wp-json\/wp\/v2\/posts\/85269","targetHints":{"allow":["GET"]}}],"collection":[{"href":"https:\/\/migracao.redenoticia.com.br\/noticia\/wp-json\/wp\/v2\/posts"}],"about":[{"href":"https:\/\/migracao.redenoticia.com.br\/noticia\/wp-json\/wp\/v2\/types\/post"}],"author":[{"embeddable":true,"href":"https:\/\/migracao.redenoticia.com.br\/noticia\/wp-json\/wp\/v2\/users\/2"}],"replies":[{"embeddable":true,"href":"https:\/\/migracao.redenoticia.com.br\/noticia\/wp-json\/wp\/v2\/comments?post=85269"}],"version-history":[{"count":0,"href":"https:\/\/migracao.redenoticia.com.br\/noticia\/wp-json\/wp\/v2\/posts\/85269\/revisions"}],"wp:featuredmedia":[{"embeddable":true,"href":"https:\/\/migracao.redenoticia.com.br\/noticia\/wp-json\/wp\/v2\/media\/77336"}],"wp:attachment":[{"href":"https:\/\/migracao.redenoticia.com.br\/noticia\/wp-json\/wp\/v2\/media?parent=85269"}],"wp:term":[{"taxonomy":"category","embeddable":true,"href":"https:\/\/migracao.redenoticia.com.br\/noticia\/wp-json\/wp\/v2\/categories?post=85269"},{"taxonomy":"post_tag","embeddable":true,"href":"https:\/\/migracao.redenoticia.com.br\/noticia\/wp-json\/wp\/v2\/tags?post=85269"}],"curies":[{"name":"wp","href":"https:\/\/api.w.org\/{rel}","templated":true}]}}