{"id":85271,"date":"2016-04-28T20:27:37","date_gmt":"2016-04-28T23:27:37","guid":{"rendered":"http:\/\/www.redenoticia.com.br\/noticia\/?p=85271"},"modified":"2016-04-28T15:32:57","modified_gmt":"2016-04-28T18:32:57","slug":"novela-velho-chico-resumo-2904-afranio-prepara-festa-para-receber-miguel","status":"publish","type":"post","link":"https:\/\/migracao.redenoticia.com.br\/noticia\/2016\/novela-velho-chico-resumo-2904-afranio-prepara-festa-para-receber-miguel\/85271","title":{"rendered":"Novela \u201cVelho Chico\u201d resumo 29\/04: Afr\u00e2nio prepara festa para receber Miguel"},"content":{"rendered":"<p> <img loading=\"lazy\" decoding=\"async\" class=\"alignleft size-thumbnail wp-image-82169\" src=\"https:\/\/migracao.redenoticia.com.br\/noticia\/imagens\/velho_chico_novela_resumo_globo-150x112.jpg\" alt=\"velho_chico_novela_resumo_globo\" width=\"150\" height=\"112\" srcset=\"https:\/\/migracao.redenoticia.com.br\/noticia\/imagens\/velho_chico_novela_resumo_globo-150x112.jpg 150w, https:\/\/migracao.redenoticia.com.br\/noticia\/imagens\/velho_chico_novela_resumo_globo-265x198.jpg 265w\" sizes=\"auto, (max-width: 150px) 100vw, 150px\" \/><strong><em>Novela \u201cVelho Chico\u201d resumo 29\/04<\/em><\/strong>: Afr\u00e2nio liga para Tereza e ordena que ela volte para a fazenda junto com seu neto Miguel. M\u00e3e e filho voltam para Grotas de S\u00e3o Francisco de carro. Tereza dirige por mais de seis horas e decide parar o carro para descansar um pouco. Miguel percebe que a m\u00e3e parou o carro, pr\u00f3ximo ao a\u00e7ude Cocorob\u00f3, onde est\u00e1 alagada a antiga comunidade de Canudos, fundada por Ant\u00f4nio Conselheiro. Os dois conversam sobre o peregrino. Enquanto isso, na fazenda, Afr\u00e2nio prepara uma grande festa para receber Miguel.<\/p>\n<p>No capitulo 041 (*), novela \u201cVelho Chico\u201d, sexta-feira, 29 de abril \u2013 Josefa cuida de Z\u00e9 Pirangueiro. Padre Rom\u00e3o e Ceci torcem para que Bento e Beatriz se entendam. Tereza passeia com Miguel pelas terras pr\u00f3ximas \u00e0 fazenda. <\/p>\n<p>Iolanda se surpreende com a alegria de Afr\u00e2nio, que comemora a chegada de seu neto. Encarna\u00e7\u00e3o se incomoda com a presen\u00e7a de Miguel. Santo e Afr\u00e2nio se encontram no bar e trocam provoca\u00e7\u00f5es. <\/p>\n<p>Afr\u00e2nio prepara uma grande festa para Miguel. Santo confessa a Bento que ainda sofre com a lembran\u00e7a de seu amor por Tereza. Miguel e Tereza chegam \u00e0 fazenda. <\/p>\n<p>(*) edi\u00e7\u00e3o da Rede Globo, Novela \u201cVelho Chico\u201d, sujeito a altera\u00e7\u00e3o de data e conte\u00fado.<\/p>\n","protected":false},"excerpt":{"rendered":"<p>Novela \u201cVelho Chico\u201d resumo 29\/04: Afr\u00e2nio liga para Tereza e ordena que ela volte para a fazenda junto com seu neto Miguel. M\u00e3e e filho voltam para Grotas de S\u00e3o Francisco de carro. Tereza dirige por mais de seis horas e decide parar o carro para descansar um pouco. Miguel percebe que a m\u00e3e parou [&hellip;]<\/p>\n","protected":false},"author":2,"featured_media":82169,"comment_status":"open","ping_status":"closed","sticky":false,"template":"","format":"standard","meta":{"tdm_status":"","tdm_grid_status":"","footnotes":""},"categories":[379,375,343],"tags":[441],"class_list":{"0":"post-85271","1":"post","2":"type-post","3":"status-publish","4":"format-standard","5":"has-post-thumbnail","7":"category-novelas","8":"category-rede-globo","9":"category-televisao","10":"tag-resumo-do-dia"},"_links":{"self":[{"href":"https:\/\/migracao.redenoticia.com.br\/noticia\/wp-json\/wp\/v2\/posts\/85271","targetHints":{"allow":["GET"]}}],"collection":[{"href":"https:\/\/migracao.redenoticia.com.br\/noticia\/wp-json\/wp\/v2\/posts"}],"about":[{"href":"https:\/\/migracao.redenoticia.com.br\/noticia\/wp-json\/wp\/v2\/types\/post"}],"author":[{"embeddable":true,"href":"https:\/\/migracao.redenoticia.com.br\/noticia\/wp-json\/wp\/v2\/users\/2"}],"replies":[{"embeddable":true,"href":"https:\/\/migracao.redenoticia.com.br\/noticia\/wp-json\/wp\/v2\/comments?post=85271"}],"version-history":[{"count":0,"href":"https:\/\/migracao.redenoticia.com.br\/noticia\/wp-json\/wp\/v2\/posts\/85271\/revisions"}],"wp:featuredmedia":[{"embeddable":true,"href":"https:\/\/migracao.redenoticia.com.br\/noticia\/wp-json\/wp\/v2\/media\/82169"}],"wp:attachment":[{"href":"https:\/\/migracao.redenoticia.com.br\/noticia\/wp-json\/wp\/v2\/media?parent=85271"}],"wp:term":[{"taxonomy":"category","embeddable":true,"href":"https:\/\/migracao.redenoticia.com.br\/noticia\/wp-json\/wp\/v2\/categories?post=85271"},{"taxonomy":"post_tag","embeddable":true,"href":"https:\/\/migracao.redenoticia.com.br\/noticia\/wp-json\/wp\/v2\/tags?post=85271"}],"curies":[{"name":"wp","href":"https:\/\/api.w.org\/{rel}","templated":true}]}}