{"id":85273,"date":"2016-04-29T19:43:09","date_gmt":"2016-04-29T22:43:09","guid":{"rendered":"http:\/\/www.redenoticia.com.br\/noticia\/?p=85273"},"modified":"2016-04-29T15:43:42","modified_gmt":"2016-04-29T18:43:42","slug":"novela-velho-chico-resumo-3004-afranio-assusta-miguel","status":"publish","type":"post","link":"https:\/\/migracao.redenoticia.com.br\/noticia\/2016\/novela-velho-chico-resumo-3004-afranio-assusta-miguel\/85273","title":{"rendered":"Novela \u201cVelho Chico\u201d resumo 30\/04: Afr\u00e2nio assusta Miguel"},"content":{"rendered":"<p> <img loading=\"lazy\" decoding=\"async\" class=\"alignleft size-thumbnail wp-image-82169\" src=\"https:\/\/migracao.redenoticia.com.br\/noticia\/imagens\/velho_chico_novela_resumo_globo-150x112.jpg\" alt=\"velho_chico_novela_resumo_globo\" width=\"150\" height=\"112\" srcset=\"https:\/\/migracao.redenoticia.com.br\/noticia\/imagens\/velho_chico_novela_resumo_globo-150x112.jpg 150w, https:\/\/migracao.redenoticia.com.br\/noticia\/imagens\/velho_chico_novela_resumo_globo-265x198.jpg 265w\" sizes=\"auto, (max-width: 150px) 100vw, 150px\" \/><strong><em>Novela \u201cVelho Chico\u201d resumo 30\/04<\/em><\/strong>: Coronel Afr\u00e2nio n\u00e3o se aguenta de tanta ansiedade para a chegada de seu neto Miguel.  Ele organizou uma grande festa para a chegada do rapaz, abriu os port\u00f5es da fazenda e convidou a cidade inteira para receb\u00ea-lo. Miguel chega e leva um susto enorme ao ver a grande recep\u00e7\u00e3o. Iolanda se aproxima e come\u00e7a a conversar com Miguel, mas o coronel n\u00e3o deixa. Ele quer apresent\u00e1-lo a todos. Miguel se assusta quando o av\u00f4 diz que ele ser\u00e1 o novo Saru\u00ea. Tereza est\u00e1 boquiaberta diante da festan\u00e7a e Iolanda diz que o pai dela est\u00e1 muito feliz. Que h\u00e1 muito tempo n\u00e3o o via t\u00e3o alegre.  <\/p>\n<p>No capitulo 042 (*), novela \u201cVelho Chico\u201d, s\u00e1bado, 30 de abril \u2013 Miguel e Tereza se surpreendem com a festa promovida por Afr\u00e2nio. Luzia enterra as antigas cartas de Tereza para Santo. <\/p>\n<p>Iolanda aconselha Tereza a revelar a verdade sobre a paternidade de Miguel. Padre Rom\u00e3o desconfia do interesse de Santo pela volta de Tereza. Encarna\u00e7\u00e3o afirma a Tereza que a heran\u00e7a da fam\u00edlia pertence a Martim. Ol\u00edvia questiona Bento sobre a raiva de Luzia por Tereza. <\/p>\n<p>C\u00edcero pensa em deixar a fazenda, mas Tereza o impede. Carlos Eduardo sente raiva por Afr\u00e2nio n\u00e3o reconhecer seu apoio. Miguel fala com Encarna\u00e7\u00e3o. <\/p>\n<p>(*) edi\u00e7\u00e3o da Rede Globo, Novela \u201cVelho Chico\u201d, sujeito a altera\u00e7\u00e3o de data e conte\u00fado.<\/p>\n","protected":false},"excerpt":{"rendered":"<p>Novela \u201cVelho Chico\u201d resumo 30\/04: Coronel Afr\u00e2nio n\u00e3o se aguenta de tanta ansiedade para a chegada de seu neto Miguel. Ele organizou uma grande festa para a chegada do rapaz, abriu os port\u00f5es da fazenda e convidou a cidade inteira para receb\u00ea-lo. Miguel chega e leva um susto enorme ao ver a grande recep\u00e7\u00e3o. Iolanda [&hellip;]<\/p>\n","protected":false},"author":2,"featured_media":82169,"comment_status":"open","ping_status":"closed","sticky":false,"template":"","format":"standard","meta":{"tdm_status":"","tdm_grid_status":"","footnotes":""},"categories":[379,375,343],"tags":[441],"class_list":{"0":"post-85273","1":"post","2":"type-post","3":"status-publish","4":"format-standard","5":"has-post-thumbnail","7":"category-novelas","8":"category-rede-globo","9":"category-televisao","10":"tag-resumo-do-dia"},"_links":{"self":[{"href":"https:\/\/migracao.redenoticia.com.br\/noticia\/wp-json\/wp\/v2\/posts\/85273","targetHints":{"allow":["GET"]}}],"collection":[{"href":"https:\/\/migracao.redenoticia.com.br\/noticia\/wp-json\/wp\/v2\/posts"}],"about":[{"href":"https:\/\/migracao.redenoticia.com.br\/noticia\/wp-json\/wp\/v2\/types\/post"}],"author":[{"embeddable":true,"href":"https:\/\/migracao.redenoticia.com.br\/noticia\/wp-json\/wp\/v2\/users\/2"}],"replies":[{"embeddable":true,"href":"https:\/\/migracao.redenoticia.com.br\/noticia\/wp-json\/wp\/v2\/comments?post=85273"}],"version-history":[{"count":0,"href":"https:\/\/migracao.redenoticia.com.br\/noticia\/wp-json\/wp\/v2\/posts\/85273\/revisions"}],"wp:featuredmedia":[{"embeddable":true,"href":"https:\/\/migracao.redenoticia.com.br\/noticia\/wp-json\/wp\/v2\/media\/82169"}],"wp:attachment":[{"href":"https:\/\/migracao.redenoticia.com.br\/noticia\/wp-json\/wp\/v2\/media?parent=85273"}],"wp:term":[{"taxonomy":"category","embeddable":true,"href":"https:\/\/migracao.redenoticia.com.br\/noticia\/wp-json\/wp\/v2\/categories?post=85273"},{"taxonomy":"post_tag","embeddable":true,"href":"https:\/\/migracao.redenoticia.com.br\/noticia\/wp-json\/wp\/v2\/tags?post=85273"}],"curies":[{"name":"wp","href":"https:\/\/api.w.org\/{rel}","templated":true}]}}