{"id":85298,"date":"2016-04-29T10:41:00","date_gmt":"2016-04-29T13:41:00","guid":{"rendered":"http:\/\/www.redenoticia.com.br\/noticia\/?p=85298"},"modified":"2016-04-28T21:42:37","modified_gmt":"2016-04-29T00:42:37","slug":"bolsas-de-pos-doutorado-tt-e-ic-em-sao-carlos-e-rio-claro","status":"publish","type":"post","link":"https:\/\/migracao.redenoticia.com.br\/noticia\/2016\/bolsas-de-pos-doutorado-tt-e-ic-em-sao-carlos-e-rio-claro\/85298","title":{"rendered":"Bolsas de P\u00f3s-Doutorado, TT e IC em S\u00e3o Carlos e Rio Claro"},"content":{"rendered":"<p> Ag\u00eancia FAPESP \u2013 O Centro de Ci\u00eancias Exatas e de Tecnologia da Universidade Federal de S\u00e3o Carlos (UFSCar) e o Instituto de Bioci\u00eancias da Universidade Estadual Paulista (Unesp) de Rio Claro oferecem <strong><em>oportunidade de P\u00f3s-Doutorado<\/em><\/strong>, Treinamento T\u00e9cnico e Inicia\u00e7\u00e3o Cient\u00edfica nas \u00e1reas de Qu\u00edmica Org\u00e2nica e Qu\u00edmica de Produtos Naturais com bolsas da FAPESP. O prazo de inscri\u00e7\u00e3o encerra em 30 de abril. Os bolsistas integrar\u00e3o a equipe do Projeto Tem\u00e1tico &#8220;&#8221;, que tem como objetivo controlar a atividade de formigas cortadeiras visando reduzir a sua a\u00e7\u00e3o como praga agr\u00edcola, al\u00e9m de formar recursos humanos.<\/p>\n<p>S\u00e3o, ao todo, quatro bolsas de P\u00f3s-Doutorado, cada uma delas com  e atividades em diferentes departamentos e campi.<\/p>\n<p>Os bolsistas selecionados trabalhar\u00e3o nos laborat\u00f3rios coordenados pelos profs. Jo\u00e3o Batista Fernandes, Paulo Cezar Vieira, Maria F\u00e1tima das G. Fernandes da Silva, Dulce Helena Ferreira de Souza, Quezia Bezerra Cass e Ronaldo Censi Faria, no Departamento de Qu\u00edmica da UFSCar (DQ), nas \u00e1reas de interface de produtos naturais, microeletrodos e enzimologia. O quarto bolsista trabalhar\u00e1 no Centro de Estudos de Insetos Sociais do Instituto de Bioci\u00eancias da Unesp de Rio Claro\/SP (IB), coordenado pelo prof. Odair Correa Bueno, na \u00e1rea de microscopia confocal de formigas cortadeiras expostas a agrot\u00f3xicos.<\/p>\n<p>Os candidatos dever\u00e3o enviar carta de interesse, indicando se o interesse \u00e9 pelas bolsas de S\u00e3o Carlos ou Rio Claro, e curriculum vitae atualizado, incluindo trabalhos publicados que atestem a capacidade de realiza\u00e7\u00e3o do projeto, para o endere\u00e7o do coordenador do Projeto Tem\u00e1tico, Jo\u00e3o Batista Fernandes, no endere\u00e7o djbf@ufscar.br.<\/p>\n<p>O candidato dever\u00e1 ter doutorado em \u00e1reas de Qu\u00edmica Org\u00e2nica, Bioqu\u00edmica, Biologia e afins; ter obtido o t\u00edtulo de doutor h\u00e1 no m\u00e1ximo sete anos; e ter curr\u00edculo que demonstre capacita\u00e7\u00e3o para atuar no desenvolvimento do projeto.<\/p>\n<p>Para a bolsa em Rio Claro, o candidato deve ter experi\u00eancia comprovada com trabalhos publicados na \u00e1rea do projeto e sobre o grupo taxon\u00f4mico alvo (formigas); e experi\u00eancia comprovada na \u00e1rea de Biologia Celular e Molecular, com conhecimento de t\u00e9cnicas de microscopia: \u00f3ptica, eletr\u00f4nica e confocal, aplicadas no estudo do grupo taxon\u00f4mico alvo do subprojeto.<\/p>\n<p>A oportunidade est\u00e1 publicada no endere\u00e7o .<\/p>\n<p>O selecionado receber\u00e1 bolsa de P\u00f3s-Doutorado da FAPESP no valor de R$ 6.819,30 mensais e Reserva T\u00e9cnica. A Reserva T\u00e9cnica da bolsa de PD equivale a 15% do valor anual da bolsa e tem o objetivo de atender a despesas imprevistas e diretamente relacionadas \u00e0 atividade de pesquisa.<\/p>\n<p>Caso o bolsista resida em domic\u00edlio diferente e precise se mudar para a cidade onde se localiza a institui\u00e7\u00e3o sede da pesquisa, poder\u00e1 ter direito a um Aux\u00edlio-Instala\u00e7\u00e3o.<\/p>\n<p>Mais informa\u00e7\u00f5es sobre a bolsa de P\u00f3s-Doutorado da FAPESP est\u00e3o dispon\u00edveis em .<\/p>\n<p>Bolsa de TT e IC<\/p>\n<p>O Centro de Ci\u00eancias Exatas e de Tecnologia da UFSCar oferece tamb\u00e9m duas bolsas de Treinamento T\u00e9cnico (TT) e quatro de Inicia\u00e7\u00e3o Cient\u00edfica IC; e o Instituto de Bioci\u00eancias da Unesp de Rio Claro, duas Bolsas TT e duas de IC.<\/p>\n<p>Os bolsistas selecionados para as bolsas em S\u00e3o Carlos trabalhar\u00e3o nos laborat\u00f3rios coordenados pelos profs. Jo\u00e3o Batista Fernandes, Paulo Cezar Vieira, Maria F\u00e1tima das G. Fernandes da Silva, Moacir Rossi Forim, Dulce Helena Ferreira de Souza e Ronaldo Censi Faria, no Departamento de Qu\u00edmica da UFSCar (DQ), nas \u00e1reas de interface de produtos naturais, microeletrodos e enzimologia.<\/p>\n<p>Os bolsistas selecionados para as bolsas em Rio Claro trabalhar\u00e3o no Centro de Estudos de Insetos Sociais do Instituto de Bioci\u00eancias da Unesp de Rio Claro\/SP (IB), coordenados pelos prof. Odair Correa Bueno, Fernando Carlos Pagnocca e Andr\u00e9 Rodrigues, nas \u00e1reas de microscopia confocal de formigas cortadeiras expostas a agrot\u00f3xicos; intera\u00e7\u00f5es fungos-Escovopsis-formigas cortadeiras; e em fomentar o acervo do banco de microrganismos.<\/p>\n<p>Todos os bolsistas desenvolver\u00e3o pesquisa ou treinamento com particular \u00eanfase no controle de formigas cortadeiras.<\/p>\n<p>O candidato dever\u00e1 possuir curr\u00edculo que demonstre capacita\u00e7\u00e3o para atuar no desenvolvimento do projeto e dedicar o n\u00famero de horas estabelecido pela FAPESP (Bolsas: TT-1 15 h, TT-2 e TT3 40 h) \u00e0s atividades do projeto (as bolsas s\u00e3o por 24 meses); as bolsas de IC s\u00e3o por 12 meses com possibilidade de renova\u00e7\u00e3o.<\/p>\n<p>As inscri\u00e7\u00f5es ser\u00e3o feitas exclusivamente por e-mail. Os candidatos dever\u00e3o enviar carta de interesse, indicando se o interesse \u00e9 pelas bolsas de S\u00e3o Carlos ou Rio Claro; curriculum vitae atualizado; e hist\u00f3rico escolar completo do curso t\u00e9cnico ou da gradua\u00e7\u00e3o, para o endere\u00e7o do coordenador do Projeto Tem\u00e1tico: djbf@ufscar.br.<\/p>\n<p>A oportunidade est\u00e1 publicada em .<\/p>\n<p>Outras vagas de bolsas de P\u00f3s-Doutorado, TT e IC, em diversas \u00e1reas do conhecimento, est\u00e3o no site .<\/p>\n","protected":false},"excerpt":{"rendered":"<p>Ag\u00eancia FAPESP \u2013 O Centro de Ci\u00eancias Exatas e de Tecnologia da Universidade Federal de S\u00e3o Carlos (UFSCar) e o Instituto de Bioci\u00eancias da Universidade Estadual Paulista (Unesp) de Rio Claro oferecem oportunidade de P\u00f3s-Doutorado, Treinamento T\u00e9cnico e Inicia\u00e7\u00e3o Cient\u00edfica nas \u00e1reas de Qu\u00edmica Org\u00e2nica e Qu\u00edmica de Produtos Naturais com bolsas da FAPESP. O [&hellip;]<\/p>\n","protected":false},"author":2,"featured_media":37419,"comment_status":"open","ping_status":"closed","sticky":false,"template":"","format":"standard","meta":{"tdm_status":"","tdm_grid_status":"","footnotes":""},"categories":[22,370,353],"tags":[],"class_list":{"0":"post-85298","1":"post","2":"type-post","3":"status-publish","4":"format-standard","5":"has-post-thumbnail","7":"category-brasil","8":"category-inscricao","9":"category-oportunidades"},"_links":{"self":[{"href":"https:\/\/migracao.redenoticia.com.br\/noticia\/wp-json\/wp\/v2\/posts\/85298","targetHints":{"allow":["GET"]}}],"collection":[{"href":"https:\/\/migracao.redenoticia.com.br\/noticia\/wp-json\/wp\/v2\/posts"}],"about":[{"href":"https:\/\/migracao.redenoticia.com.br\/noticia\/wp-json\/wp\/v2\/types\/post"}],"author":[{"embeddable":true,"href":"https:\/\/migracao.redenoticia.com.br\/noticia\/wp-json\/wp\/v2\/users\/2"}],"replies":[{"embeddable":true,"href":"https:\/\/migracao.redenoticia.com.br\/noticia\/wp-json\/wp\/v2\/comments?post=85298"}],"version-history":[{"count":0,"href":"https:\/\/migracao.redenoticia.com.br\/noticia\/wp-json\/wp\/v2\/posts\/85298\/revisions"}],"wp:featuredmedia":[{"embeddable":true,"href":"https:\/\/migracao.redenoticia.com.br\/noticia\/wp-json\/wp\/v2\/media\/37419"}],"wp:attachment":[{"href":"https:\/\/migracao.redenoticia.com.br\/noticia\/wp-json\/wp\/v2\/media?parent=85298"}],"wp:term":[{"taxonomy":"category","embeddable":true,"href":"https:\/\/migracao.redenoticia.com.br\/noticia\/wp-json\/wp\/v2\/categories?post=85298"},{"taxonomy":"post_tag","embeddable":true,"href":"https:\/\/migracao.redenoticia.com.br\/noticia\/wp-json\/wp\/v2\/tags?post=85298"}],"curies":[{"name":"wp","href":"https:\/\/api.w.org\/{rel}","templated":true}]}}