{"id":85302,"date":"2016-04-29T10:44:36","date_gmt":"2016-04-29T13:44:36","guid":{"rendered":"http:\/\/www.redenoticia.com.br\/noticia\/?p=85302"},"modified":"2016-04-28T21:46:32","modified_gmt":"2016-04-29T00:46:32","slug":"indice-de-confianca-do-comercio-cai-05-ponto-em-abril","status":"publish","type":"post","link":"https:\/\/migracao.redenoticia.com.br\/noticia\/2016\/indice-de-confianca-do-comercio-cai-05-ponto-em-abril\/85302","title":{"rendered":"\u00cdndice de Confian\u00e7a do Com\u00e9rcio cai 0,5 ponto em abril"},"content":{"rendered":"<p> O <strong><em>\u00cdndice de Confian\u00e7a do Com\u00e9rcio<\/em><\/strong>, da Funda\u00e7\u00e3o Getulio Vargas (FGV), caiu 0,5 ponto entre mar\u00e7o e abril deste ano e chegou a 66,6 pontos, em uma escala de 0 a 200 pontos. A queda foi provocada pela menor confian\u00e7a dos empres\u00e1rios do com\u00e9rcio no momento atual.<\/p>\n<p>O \u00cdndice da Situa\u00e7\u00e3o Atual, que avalia a opini\u00e3o dos empres\u00e1rios em rela\u00e7\u00e3o ao presente, caiu 2,5 pontos e chegou a 59,8 pontos, o valor m\u00ednimo da s\u00e9rie hist\u00f3rica iniciada em 2007. A satisfa\u00e7\u00e3o dos entrevistados com seus neg\u00f3cios recuou 6,6 pontos.<\/p>\n<p>J\u00e1 o grau de confian\u00e7a em rela\u00e7\u00e3o ao futuro, medido pelo \u00cdndice de Expectativas, subiu 1,5 ponto em abril, atingindo 74,8 pontos. O crescimento foi provocado pelo otimismo em rela\u00e7\u00e3o \u00e0 situa\u00e7\u00e3o dos neg\u00f3cios nos pr\u00f3ximos seis meses, que subiu 2,9 pontos.<\/p>\n<p>Vitor Abdala \u2013 Rep\u00f3rter da Ag\u00eancia Brasil<br \/>\nEdi\u00e7\u00e3o: Gra\u00e7a Adjuto<br \/>\n29\/04\/2016<br \/>\n&#8212;<br \/>\nA Empresa Brasil de Comunica\u00e7\u00e3o \u00e9 uma institui\u00e7\u00e3o da democracia brasileira: p\u00fablica, inclusiva e cidad\u00e3. Criada em 2007 para fortalecer o sistema p\u00fablico de comunica\u00e7\u00e3o, \u00e9 gestora dos canais TV Brasil, TV Brasil Internacional, Ag\u00eancia Brasil, Radioag\u00eancia Nacional e do sistema p\u00fablico de R\u00e1dio \u2013 composto por oito emissoras. Estes, por sua independ\u00eancia editorial, distinguem-se dos canais estatais ou governamentais, com conte\u00fados diferenciados e complementares aos canais privados. Os ve\u00edculos da EBC t\u00eam autonomia para definir produ\u00e7\u00e3o, programa\u00e7\u00e3o e distribui\u00e7\u00e3o de conte\u00fados.<\/p>\n","protected":false},"excerpt":{"rendered":"<p>O \u00cdndice de Confian\u00e7a do Com\u00e9rcio, da Funda\u00e7\u00e3o Getulio Vargas (FGV), caiu 0,5 ponto entre mar\u00e7o e abril deste ano e chegou a 66,6 pontos, em uma escala de 0 a 200 pontos. A queda foi provocada pela menor confian\u00e7a dos empres\u00e1rios do com\u00e9rcio no momento atual. O \u00cdndice da Situa\u00e7\u00e3o Atual, que avalia a [&hellip;]<\/p>\n","protected":false},"author":2,"featured_media":57585,"comment_status":"open","ping_status":"closed","sticky":false,"template":"","format":"standard","meta":{"tdm_status":"","tdm_grid_status":"","footnotes":""},"categories":[22,7],"tags":[],"class_list":{"0":"post-85302","1":"post","2":"type-post","3":"status-publish","4":"format-standard","5":"has-post-thumbnail","7":"category-brasil","8":"category-economia"},"_links":{"self":[{"href":"https:\/\/migracao.redenoticia.com.br\/noticia\/wp-json\/wp\/v2\/posts\/85302","targetHints":{"allow":["GET"]}}],"collection":[{"href":"https:\/\/migracao.redenoticia.com.br\/noticia\/wp-json\/wp\/v2\/posts"}],"about":[{"href":"https:\/\/migracao.redenoticia.com.br\/noticia\/wp-json\/wp\/v2\/types\/post"}],"author":[{"embeddable":true,"href":"https:\/\/migracao.redenoticia.com.br\/noticia\/wp-json\/wp\/v2\/users\/2"}],"replies":[{"embeddable":true,"href":"https:\/\/migracao.redenoticia.com.br\/noticia\/wp-json\/wp\/v2\/comments?post=85302"}],"version-history":[{"count":0,"href":"https:\/\/migracao.redenoticia.com.br\/noticia\/wp-json\/wp\/v2\/posts\/85302\/revisions"}],"wp:featuredmedia":[{"embeddable":true,"href":"https:\/\/migracao.redenoticia.com.br\/noticia\/wp-json\/wp\/v2\/media\/57585"}],"wp:attachment":[{"href":"https:\/\/migracao.redenoticia.com.br\/noticia\/wp-json\/wp\/v2\/media?parent=85302"}],"wp:term":[{"taxonomy":"category","embeddable":true,"href":"https:\/\/migracao.redenoticia.com.br\/noticia\/wp-json\/wp\/v2\/categories?post=85302"},{"taxonomy":"post_tag","embeddable":true,"href":"https:\/\/migracao.redenoticia.com.br\/noticia\/wp-json\/wp\/v2\/tags?post=85302"}],"curies":[{"name":"wp","href":"https:\/\/api.w.org\/{rel}","templated":true}]}}