{"id":85304,"date":"2016-04-29T10:46:39","date_gmt":"2016-04-29T13:46:39","guid":{"rendered":"http:\/\/www.redenoticia.com.br\/noticia\/?p=85304"},"modified":"2016-04-28T21:48:51","modified_gmt":"2016-04-29T00:48:51","slug":"igp-m-acumula-alta-de-1063-em-abril-anuncia-a-fgv","status":"publish","type":"post","link":"https:\/\/migracao.redenoticia.com.br\/noticia\/2016\/igp-m-acumula-alta-de-1063-em-abril-anuncia-a-fgv\/85304","title":{"rendered":"IGP-M acumula alta de 10,63% em abril, anuncia a FGV"},"content":{"rendered":"<p> O \u00cdndice Geral de Pre\u00e7os &#8211; Mercado (<strong><em>IGP-M<\/em><\/strong>) registrou em abril alta de 10,63% no acumulado dos \u00faltimos 12 meses. Por\u00e9m, em rela\u00e7\u00e3o a mar\u00e7o, quando houve aumento de 0,51%, o \u00edndice de infla\u00e7\u00e3o, medido pela Funda\u00e7\u00e3o Getulio Vargas (FGV), perdeu for\u00e7a, ficando em 0,33% em abril. No acumulado de 2016, a alta \u00e9 de 3,30%. O \u00edndice \u00e9 usado no reajuste dos contratos de aluguel.<\/p>\n<p>No \u00cdndice de Pre\u00e7os ao Produtor Amplo, um dos componentes do IGP-M, o percentual caiu de 0,44% em mar\u00e7o para 0,29% em abril. No acumulado dos \u00faltimos 12 meses, a alta \u00e9 de 11,78%.<\/p>\n<p>Neste m\u00eas, a queda foi influenciada pela recuo no subgrupo alimentos in natura, que, em mar\u00e7o, havia variado 10,08% e, em abril, fechou em 2,29%. Os materiais e componentes para manufatura tinham acusado queda de -1,40% em mar\u00e7o, e, em abril, retra\u00e7\u00e3o de -1,69%.<\/p>\n<p>Queda<\/p>\n<p>O \u00cdndice de Pre\u00e7os ao Consumidor (IPC) tamb\u00e9m desacelerou de 0,58% em mar\u00e7o para 0,39%. O grupo alimenta\u00e7\u00e3o teve o principal recuo: de 1,12% em mar\u00e7o para 0,85% em abril. Os gastos com habita\u00e7\u00e3o tinham defla\u00e7\u00e3o de -0,06% em mar\u00e7o e foram para -0,28% em abril. No grupo comunica\u00e7\u00e3o, os pre\u00e7os tiveram alta de 1,13% no m\u00eas passado, contra 0,18% em abril. Em 12 meses, o IPC teve alta de 9,12%.<\/p>\n<p>O \u00cdndice Nacional de Custo da Constru\u00e7\u00e3o (INCC) ficou, em abril, em 0,41%, contra os 0,79% de mar\u00e7o. O custo da m\u00e3o de obra teve alta de 1,16% no m\u00eas passado, enquanto em abril a varia\u00e7\u00e3o ficou em 0,52%. Os pre\u00e7os relacionados a materiais, equipamentos e servi\u00e7os subiram 0,38% em mar\u00e7o e 0,29% em abril. Nos \u00faltimos 12 meses, o INCC variou 7,05%.<\/p>\n<p>Daniel Mello &#8211; Rep\u00f3rter da Ag\u00eancia Brasil<br \/>\nEdi\u00e7\u00e3o: Kleber Sampaio<br \/>\n29\/04\/2016<\/p>\n","protected":false},"excerpt":{"rendered":"<p>O \u00cdndice Geral de Pre\u00e7os &#8211; Mercado (IGP-M) registrou em abril alta de 10,63% no acumulado dos \u00faltimos 12 meses. Por\u00e9m, em rela\u00e7\u00e3o a mar\u00e7o, quando houve aumento de 0,51%, o \u00edndice de infla\u00e7\u00e3o, medido pela Funda\u00e7\u00e3o Getulio Vargas (FGV), perdeu for\u00e7a, ficando em 0,33% em abril. No acumulado de 2016, a alta \u00e9 de [&hellip;]<\/p>\n","protected":false},"author":2,"featured_media":57582,"comment_status":"open","ping_status":"closed","sticky":false,"template":"","format":"standard","meta":{"tdm_status":"","tdm_grid_status":"","footnotes":""},"categories":[22,7],"tags":[],"class_list":{"0":"post-85304","1":"post","2":"type-post","3":"status-publish","4":"format-standard","5":"has-post-thumbnail","7":"category-brasil","8":"category-economia"},"_links":{"self":[{"href":"https:\/\/migracao.redenoticia.com.br\/noticia\/wp-json\/wp\/v2\/posts\/85304","targetHints":{"allow":["GET"]}}],"collection":[{"href":"https:\/\/migracao.redenoticia.com.br\/noticia\/wp-json\/wp\/v2\/posts"}],"about":[{"href":"https:\/\/migracao.redenoticia.com.br\/noticia\/wp-json\/wp\/v2\/types\/post"}],"author":[{"embeddable":true,"href":"https:\/\/migracao.redenoticia.com.br\/noticia\/wp-json\/wp\/v2\/users\/2"}],"replies":[{"embeddable":true,"href":"https:\/\/migracao.redenoticia.com.br\/noticia\/wp-json\/wp\/v2\/comments?post=85304"}],"version-history":[{"count":0,"href":"https:\/\/migracao.redenoticia.com.br\/noticia\/wp-json\/wp\/v2\/posts\/85304\/revisions"}],"wp:featuredmedia":[{"embeddable":true,"href":"https:\/\/migracao.redenoticia.com.br\/noticia\/wp-json\/wp\/v2\/media\/57582"}],"wp:attachment":[{"href":"https:\/\/migracao.redenoticia.com.br\/noticia\/wp-json\/wp\/v2\/media?parent=85304"}],"wp:term":[{"taxonomy":"category","embeddable":true,"href":"https:\/\/migracao.redenoticia.com.br\/noticia\/wp-json\/wp\/v2\/categories?post=85304"},{"taxonomy":"post_tag","embeddable":true,"href":"https:\/\/migracao.redenoticia.com.br\/noticia\/wp-json\/wp\/v2\/tags?post=85304"}],"curies":[{"name":"wp","href":"https:\/\/api.w.org\/{rel}","templated":true}]}}