{"id":85306,"date":"2016-04-29T10:48:56","date_gmt":"2016-04-29T13:48:56","guid":{"rendered":"http:\/\/www.redenoticia.com.br\/noticia\/?p=85306"},"modified":"2016-04-28T21:50:58","modified_gmt":"2016-04-29T00:50:58","slug":"juros-do-cheque-especial-chegam-ao-recorde-de-3008-ao-ano","status":"publish","type":"post","link":"https:\/\/migracao.redenoticia.com.br\/noticia\/2016\/juros-do-cheque-especial-chegam-ao-recorde-de-3008-ao-ano\/85306","title":{"rendered":"Juros do cheque especial chegam ao recorde de 300,8% ao ano"},"content":{"rendered":"<p> A <strong><em>taxa de juros do cheque especial<\/em><\/strong> chegou ao recorde de 300,8% ao ano, em mar\u00e7o, de acordo com dados do Banco Central (BC). A s\u00e9rie hist\u00f3rica do BC tem in\u00edcio em julho de 1994. De fevereiro para mar\u00e7o, a taxa subiu 6,9 pontos percentuais.<\/p>\n<p>Tamb\u00e9m \u00e9 recorde a taxa m\u00e9dia do rotativo do cart\u00e3o de cr\u00e9dito (449,1% ao ano), em mar\u00e7o, com alta de 5,2 pontos percentuais em rela\u00e7\u00e3o a fevereiro. O rotativo \u00e9 o cr\u00e9dito tomado pelo consumidor quando paga menos que o valor integral da fatura do cart\u00e3o. A s\u00e9rie hist\u00f3rica do rotativo do cart\u00e3o de cr\u00e9dito tem in\u00edcio em mar\u00e7o de 2011.<\/p>\n<p>O chefe do Departamento Econ\u00f4mico do BC, Tulio Maciel, enfatizou que o cheque especial e o rotativo do cart\u00e3o de cr\u00e9dito s\u00e3o modalidades de empr\u00e9stimos que devem ser usadas com \u201cmuita cautela\u201d devido ao custo elevado. Maciel orienta que, se for preciso usar, deve ser por pouco tempo para n\u00e3o comprometer a capacidade de pagamento no futuro.<\/p>\n<p>Parcelamento<\/p>\n<p>A taxa de juros das compras parceladas no cart\u00e3o de cr\u00e9dito ficou em 145,5% ao ano, em mar\u00e7o, com redu\u00e7\u00e3o de 0,6 ponto percentual em rela\u00e7\u00e3o a fevereiro. A taxa do cr\u00e9dito consignado (com desconto em folha de pagamento) atingiu 29,9% ao ano, com aumento de 0,4 ponto percentual na compara\u00e7\u00e3o com fevereiro.<\/p>\n<p>A taxa do cr\u00e9dito pessoal chegou a 126,1% ao ano, com alta de 3,3 ponto percentual em rela\u00e7\u00e3o ao m\u00eas anterior.<\/p>\n<p>A m\u00e9dia de juros do cr\u00e9dito para as pessoas f\u00edsicas ficou em 69,2%, em mar\u00e7o, com alta de 1,3 ponto percentual em rela\u00e7\u00e3o a fevereiro. J\u00e1 a taxa m\u00e9dia cobrada das empresas caiu 0,9 ponto percentual para 31% ao ano.<\/p>\n<p>Em mar\u00e7o, a inadimpl\u00eancia (considerados atrasos acima de 90 dias) ficou est\u00e1vel em 6,2% para as fam\u00edlias e subiu 0,1 ponto percentual para 4,9%, no caso de empresas. Esses dados s\u00e3o do cr\u00e9dito livre, em que os bancos t\u00eam autonomia para aplicar o dinheiro captado no mercado e definir as taxas de juros,<\/p>\n<p>Segundo Maciel, a inadimpl\u00eancia das fam\u00edlias est\u00e1 \u201cbem comportada\u201d e a das empresas segue em crescimento lento e persistente. Maciel acrescentou que a inadimpl\u00eancia deve crescer, em ritmo lento, nos pr\u00f3ximos meses.<\/p>\n<p>No caso do cr\u00e9dito direcionado (empr\u00e9stimos com regras definidas pelo governo, destinados basicamente aos setores habitacional, rural e de infraestrutura), a taxa de juros cobrada de empresas subiu 0,1 ponto percentual para 11,9% ao ano e das fam\u00edlias aumentou 0,5 ponto percentual para 10,1% ao ano. A inadimpl\u00eancia das empresas ficou est\u00e1vel em 1% e das fam\u00edlias caiu 0,1 ponto percentual para 2,1%.<\/p>\n<p>Cr\u00e9dito<\/p>\n<p>Maciel destacou que a desacelera\u00e7\u00e3o do saldo de cr\u00e9dito reflete a retra\u00e7\u00e3o da atividade econ\u00f4mica, queda da confian\u00e7a de empresas e fam\u00edlias e custo dos empr\u00e9stimos mais elevado. Acrescentou que, no in\u00edcio do ano, \u00e9 comum haver redu\u00e7\u00e3o nos empr\u00e9stimos e citou, tamb\u00e9m, a influ\u00eancia do c\u00e2mbio em opera\u00e7\u00f5es referenciadas em d\u00f3lar.<\/p>\n<p>Ele explicou que o cr\u00e9dito n\u00e3o deve crescer mais de \u201cforma muito significativa\u201d como ocorreu ao longo de mais de 10 anos e citou o crescimento de 30% registrado em 2008. Para este ano, a previs\u00e3o do BC \u00e9 de expans\u00e3o de 5%. \u201c\u00c0 medida que se retoma a confian\u00e7a dos agentes, tamb\u00e9m iremos observar a rea\u00e7\u00e3o do cr\u00e9dito. Mas n\u00e3o veremos crescimento do cr\u00e9dito a taxas vistas em anos anteriores\u201d, disse o chefe do Departamento Econ\u00f4mico do Banco Central.<\/p>\n<p>No total, o saldo das opera\u00e7\u00f5es de cr\u00e9dito chegou a R$ 3,160 trilh\u00f5es em mar\u00e7o, com redu\u00e7\u00e3o de 0,7% no m\u00eas e de 1,8% no ano. Em rela\u00e7\u00e3o a tudo o que o pa\u00eds produz \u2013 Produto Interno Bruto (PIB) &#8211; o saldo do cr\u00e9dito ficou em 53,1%, queda de 0,5 ponto percentual no m\u00eas.<\/p>\n<p>Kelly Oliveira &#8211; Rep\u00f3rter da Ag\u00eancia Brasil<br \/>\nEdi\u00e7\u00e3o: Kleber Sampaio<br \/>\n29\/04\/2016<\/p>\n","protected":false},"excerpt":{"rendered":"<p>A taxa de juros do cheque especial chegou ao recorde de 300,8% ao ano, em mar\u00e7o, de acordo com dados do Banco Central (BC). A s\u00e9rie hist\u00f3rica do BC tem in\u00edcio em julho de 1994. De fevereiro para mar\u00e7o, a taxa subiu 6,9 pontos percentuais. Tamb\u00e9m \u00e9 recorde a taxa m\u00e9dia do rotativo do cart\u00e3o [&hellip;]<\/p>\n","protected":false},"author":2,"featured_media":38940,"comment_status":"open","ping_status":"closed","sticky":false,"template":"","format":"standard","meta":{"tdm_status":"","tdm_grid_status":"","footnotes":""},"categories":[22,7],"tags":[],"class_list":{"0":"post-85306","1":"post","2":"type-post","3":"status-publish","4":"format-standard","5":"has-post-thumbnail","7":"category-brasil","8":"category-economia"},"_links":{"self":[{"href":"https:\/\/migracao.redenoticia.com.br\/noticia\/wp-json\/wp\/v2\/posts\/85306","targetHints":{"allow":["GET"]}}],"collection":[{"href":"https:\/\/migracao.redenoticia.com.br\/noticia\/wp-json\/wp\/v2\/posts"}],"about":[{"href":"https:\/\/migracao.redenoticia.com.br\/noticia\/wp-json\/wp\/v2\/types\/post"}],"author":[{"embeddable":true,"href":"https:\/\/migracao.redenoticia.com.br\/noticia\/wp-json\/wp\/v2\/users\/2"}],"replies":[{"embeddable":true,"href":"https:\/\/migracao.redenoticia.com.br\/noticia\/wp-json\/wp\/v2\/comments?post=85306"}],"version-history":[{"count":0,"href":"https:\/\/migracao.redenoticia.com.br\/noticia\/wp-json\/wp\/v2\/posts\/85306\/revisions"}],"wp:featuredmedia":[{"embeddable":true,"href":"https:\/\/migracao.redenoticia.com.br\/noticia\/wp-json\/wp\/v2\/media\/38940"}],"wp:attachment":[{"href":"https:\/\/migracao.redenoticia.com.br\/noticia\/wp-json\/wp\/v2\/media?parent=85306"}],"wp:term":[{"taxonomy":"category","embeddable":true,"href":"https:\/\/migracao.redenoticia.com.br\/noticia\/wp-json\/wp\/v2\/categories?post=85306"},{"taxonomy":"post_tag","embeddable":true,"href":"https:\/\/migracao.redenoticia.com.br\/noticia\/wp-json\/wp\/v2\/tags?post=85306"}],"curies":[{"name":"wp","href":"https:\/\/api.w.org\/{rel}","templated":true}]}}