{"id":85310,"date":"2016-04-29T10:54:41","date_gmt":"2016-04-29T13:54:41","guid":{"rendered":"http:\/\/www.redenoticia.com.br\/noticia\/?p=85310"},"modified":"2016-04-28T21:55:55","modified_gmt":"2016-04-29T00:55:55","slug":"carga-tributaria-do-brasil-sobe-para-3271-do-pib-em-2015","status":"publish","type":"post","link":"https:\/\/migracao.redenoticia.com.br\/noticia\/2016\/carga-tributaria-do-brasil-sobe-para-3271-do-pib-em-2015\/85310","title":{"rendered":"Carga tribut\u00e1ria do Brasil sobe para 32,71% do PIB em 2015"},"content":{"rendered":"<p> Cerca de um ter\u00e7o de tudo o que o Brasil produziu em 2015 foi parar nos cofres do governo. A <strong><em>carga tribut\u00e1ria bruta<\/em><\/strong> encerrou o ano passado em 32,71% do Produto Interno Bruto (PIB, soma dos bens e servi\u00e7os produzidos no pa\u00eds). O n\u00famero foi divulgado pelo secret\u00e1rio do Tesouro Nacional, Ot\u00e1vio Ladeira, ao explicar o d\u00e9ficit prim\u00e1rio recorde no primeiro trimestre.<\/p>\n<p>O valor definitivo da carga tribut\u00e1ria de 2015 \u00e9 de responsabilidade da Receita Federal e s\u00f3 ser\u00e1 divulgado no \u00faltimo trimestre deste ano. O Tesouro Nacional, no entanto, apresenta uma estimativa no fim de abril para orientar a execu\u00e7\u00e3o do or\u00e7amento federal.<\/p>\n<p>Pelos n\u00fameros do Tesouro, a carga tribut\u00e1ria bruta aumentou 0,28 ponto percentual em 2015 na compara\u00e7\u00e3o com os 32,43% do PIB registrados no fim de 2014. \u201cA estimativa do Tesouro costuma ser pr\u00f3xima dos n\u00fameros da Receita\u201d, disse Ladeira. Segundo ele, um aperfei\u00e7oamento na metodologia permitiu ao Tesouro fazer a estimativa cerca de 90 dias ap\u00f3s o encerramento do ano.<\/p>\n<p>Segundo o Tesouro, a expans\u00e3o da carga tribut\u00e1ria no ano passado foi puxado pelos munic\u00edpios, que responderam por 0,12 ponto percentual do total do crescimento. A carga tribut\u00e1ria aumentou 0,09 ponto percentual nos governos estaduais e 0,07 ponto percentual do PIB no caso da Uni\u00e3o.<\/p>\n<p>Na esfera federal, o Imposto de Renda Retido na Fonte (IRRF), o Fundo de Garantia do Tempo de Servi\u00e7o (FGTS) e as contribui\u00e7\u00f5es sociais do Regime Pr\u00f3prio de Previd\u00eancia dos Servidores Federais explicam o aumento da arrecada\u00e7\u00e3o. Nos estados, a eleva\u00e7\u00e3o se deve principalmente ao IRRF (cuja arrecada\u00e7\u00e3o \u00e9 compartilhada entre a Uni\u00e3o e os governos estaduais) e o Imposto sobre a Propriedade de Ve\u00edculos Automotores (IPVA). Nos munic\u00edpios, o reajuste de taxas puxou o aumento da carga tribut\u00e1ria.<\/p>\n<p>Wellton M\u00e1ximo \u2013 Rep\u00f3rter da Ag\u00eancia Brasil<br \/>\nEdi\u00e7\u00e3o: Luana Louren\u00e7o<br \/>\n29\/04\/2016<\/p>\n","protected":false},"excerpt":{"rendered":"<p>Cerca de um ter\u00e7o de tudo o que o Brasil produziu em 2015 foi parar nos cofres do governo. A carga tribut\u00e1ria bruta encerrou o ano passado em 32,71% do Produto Interno Bruto (PIB, soma dos bens e servi\u00e7os produzidos no pa\u00eds). O n\u00famero foi divulgado pelo secret\u00e1rio do Tesouro Nacional, Ot\u00e1vio Ladeira, ao explicar [&hellip;]<\/p>\n","protected":false},"author":2,"featured_media":57584,"comment_status":"open","ping_status":"closed","sticky":false,"template":"","format":"standard","meta":{"tdm_status":"","tdm_grid_status":"","footnotes":""},"categories":[22,7],"tags":[],"class_list":{"0":"post-85310","1":"post","2":"type-post","3":"status-publish","4":"format-standard","5":"has-post-thumbnail","7":"category-brasil","8":"category-economia"},"_links":{"self":[{"href":"https:\/\/migracao.redenoticia.com.br\/noticia\/wp-json\/wp\/v2\/posts\/85310","targetHints":{"allow":["GET"]}}],"collection":[{"href":"https:\/\/migracao.redenoticia.com.br\/noticia\/wp-json\/wp\/v2\/posts"}],"about":[{"href":"https:\/\/migracao.redenoticia.com.br\/noticia\/wp-json\/wp\/v2\/types\/post"}],"author":[{"embeddable":true,"href":"https:\/\/migracao.redenoticia.com.br\/noticia\/wp-json\/wp\/v2\/users\/2"}],"replies":[{"embeddable":true,"href":"https:\/\/migracao.redenoticia.com.br\/noticia\/wp-json\/wp\/v2\/comments?post=85310"}],"version-history":[{"count":0,"href":"https:\/\/migracao.redenoticia.com.br\/noticia\/wp-json\/wp\/v2\/posts\/85310\/revisions"}],"wp:featuredmedia":[{"embeddable":true,"href":"https:\/\/migracao.redenoticia.com.br\/noticia\/wp-json\/wp\/v2\/media\/57584"}],"wp:attachment":[{"href":"https:\/\/migracao.redenoticia.com.br\/noticia\/wp-json\/wp\/v2\/media?parent=85310"}],"wp:term":[{"taxonomy":"category","embeddable":true,"href":"https:\/\/migracao.redenoticia.com.br\/noticia\/wp-json\/wp\/v2\/categories?post=85310"},{"taxonomy":"post_tag","embeddable":true,"href":"https:\/\/migracao.redenoticia.com.br\/noticia\/wp-json\/wp\/v2\/tags?post=85310"}],"curies":[{"name":"wp","href":"https:\/\/api.w.org\/{rel}","templated":true}]}}