{"id":85321,"date":"2016-04-29T15:27:28","date_gmt":"2016-04-29T18:27:28","guid":{"rendered":"http:\/\/www.redenoticia.com.br\/noticia\/?p=85321"},"modified":"2016-04-29T16:59:32","modified_gmt":"2016-04-29T19:59:32","slug":"novela-chamas-da-vida-resumo-0205-vilma-e-miguel-discutem-sobre-crime","status":"publish","type":"post","link":"https:\/\/migracao.redenoticia.com.br\/noticia\/2016\/novela-chamas-da-vida-resumo-0205-vilma-e-miguel-discutem-sobre-crime\/85321","title":{"rendered":"Novela \u201cChamas da Vida\u201d resumo 02\/05: Vilma e Miguel discutem sobre crime"},"content":{"rendered":"<p> <img loading=\"lazy\" decoding=\"async\" src=\"https:\/\/migracao.redenoticia.com.br\/noticia\/imagens\/chamas_da_vida_resumo_novela-150x112.jpeg\" alt=\"chamas_da_vida_resumo_novela\" width=\"150\" height=\"112\" class=\"alignleft size-thumbnail wp-image-82020\" \/><strong><em>Novela \u201cChamas da Vida\u201d resumo 02\/05<\/em><\/strong>: Carolina avisa Arlete que Walter morreu. Pedro segura as m\u00e3os de Arlete e confirma que Walter morreu numa explos\u00e3o. Arlete abra\u00e7a Pedro e chora desesperada. Vilma diz a Beatriz que n\u00e3o se encontrou com Arlete e Beatriz n\u00e3o acredita. Vilma diz que n\u00e3o queria que Walter morresse, pois agora a f\u00e1brica fica para Arlete e para Carolina. Beatriz diz que a palavra de Vilma n\u00e3o vale nada e que encontraram a placa da f\u00eanix no local. Vilma diz a Tom\u00e1s que vai ao enterro de Walter porque, se n\u00e3o for, v\u00e3o pensar que foi ela que o matou. Tom\u00e1s pede a Vilma para respeitar a dor de Arlete e de Carolina. Logo depois, Vilma encontra Miguel, diz que recebeu liga\u00e7\u00e3o anonima com amea\u00e7as e o acusa de chantage\u00e1-la. Vilma diz que s\u00f3 Miguel sabia que ela subornou um m\u00e9dico para dizer que o marido tinha morrido de enfarte.<\/p>\n<p>No capitulo 129 (*), novela \u201cChamas da Vida\u201d, segunda-feira, 02 de maio \u2013 Miguel diz que Vilma est\u00e1 louca e manda-a embora. Vilma diz que n\u00e3o sai at\u00e9 Miguel lhe explicar por que fez isto com ela. Vilma diz que Miguel ligou de um n\u00famero de telem\u00f3vel an\u00f3nimo e disse que tinha provas contra ela. Miguel diz que n\u00e3o ligou. Vilma diz que s\u00f3 Miguel sabia que ela subornou um m\u00e9dico para dizer que o marido tinha morrido de enfarte. Vilma diz que Miguel quer jogar, mas ela vai vencer. Mercedes diz a Vivi que foi expulsa de casa pelos pais e perdeu o contacto com os irm\u00e3os. Telma diz a Junior que Manu e Marreta v\u00e3o participar no ?racha?. Junior fica zangado com Telma. <\/p>\n<p>Vilma vai ao quartel conversar com Eurico. Ela diz que foi saber informa\u00e7\u00f5es sobre a morte de Walter. Eurico diz que Vilma \u00e9 muito c\u00ednica. Ele diz que vai conseguir provas contra Vilma. Eurico expulsa Vilma da sala. Beatriz diz a Ant\u00f4nio que achou que Vilma foi sincera e n\u00e3o cometeu o crime. Vivi diz que Vilma sabe mentir muito bem. Ivonete diz que agora Carolina e Arlete devem assumir o controle da f\u00e1brica. <\/p>\n<p>Vilma sozinha observa os m\u00f3veis da f\u00e1brica. Tom\u00e1s diz a Roberto que Walter matou o pai dele. Roberto diz que Walter n\u00e3o fez isso. Michele diz a Carolina que est\u00e1 a tomar conta da produtora. Pedro consola Carolina. Carolina diz que est\u00e1 a sentir-se sozinha. Pedro diz que est\u00e1 ao lado dela. Vilma diz a Roberto que n\u00e3o matou Walter. Ivonete conta a Lourdes que ama Tom\u00e1s e est\u00e1 a fazer for\u00e7a para n\u00e3o sentir isso. Marreta liga para Ant\u00f4nio e marca o racha.<\/p>\n<p>(*) edi\u00e7\u00e3o da Rede Record, Novela \u201cChamas da Vida\u201d, sujeito a altera\u00e7\u00e3o de data e conte\u00fado.<\/p>\n","protected":false},"excerpt":{"rendered":"<p>Novela \u201cChamas da Vida\u201d resumo 02\/05: Carolina avisa Arlete que Walter morreu. Pedro segura as m\u00e3os de Arlete e confirma que Walter morreu numa explos\u00e3o. Arlete abra\u00e7a Pedro e chora desesperada. Vilma diz a Beatriz que n\u00e3o se encontrou com Arlete e Beatriz n\u00e3o acredita. Vilma diz que n\u00e3o queria que Walter morresse, pois agora [&hellip;]<\/p>\n","protected":false},"author":2,"featured_media":82020,"comment_status":"open","ping_status":"closed","sticky":false,"template":"","format":"standard","meta":{"tdm_status":"","tdm_grid_status":"","footnotes":""},"categories":[379,371,343],"tags":[441],"class_list":{"0":"post-85321","1":"post","2":"type-post","3":"status-publish","4":"format-standard","5":"has-post-thumbnail","7":"category-novelas","8":"category-rede-record","9":"category-televisao","10":"tag-resumo-do-dia"},"_links":{"self":[{"href":"https:\/\/migracao.redenoticia.com.br\/noticia\/wp-json\/wp\/v2\/posts\/85321","targetHints":{"allow":["GET"]}}],"collection":[{"href":"https:\/\/migracao.redenoticia.com.br\/noticia\/wp-json\/wp\/v2\/posts"}],"about":[{"href":"https:\/\/migracao.redenoticia.com.br\/noticia\/wp-json\/wp\/v2\/types\/post"}],"author":[{"embeddable":true,"href":"https:\/\/migracao.redenoticia.com.br\/noticia\/wp-json\/wp\/v2\/users\/2"}],"replies":[{"embeddable":true,"href":"https:\/\/migracao.redenoticia.com.br\/noticia\/wp-json\/wp\/v2\/comments?post=85321"}],"version-history":[{"count":0,"href":"https:\/\/migracao.redenoticia.com.br\/noticia\/wp-json\/wp\/v2\/posts\/85321\/revisions"}],"wp:featuredmedia":[{"embeddable":true,"href":"https:\/\/migracao.redenoticia.com.br\/noticia\/wp-json\/wp\/v2\/media\/82020"}],"wp:attachment":[{"href":"https:\/\/migracao.redenoticia.com.br\/noticia\/wp-json\/wp\/v2\/media?parent=85321"}],"wp:term":[{"taxonomy":"category","embeddable":true,"href":"https:\/\/migracao.redenoticia.com.br\/noticia\/wp-json\/wp\/v2\/categories?post=85321"},{"taxonomy":"post_tag","embeddable":true,"href":"https:\/\/migracao.redenoticia.com.br\/noticia\/wp-json\/wp\/v2\/tags?post=85321"}],"curies":[{"name":"wp","href":"https:\/\/api.w.org\/{rel}","templated":true}]}}