{"id":85327,"date":"2016-04-30T19:30:49","date_gmt":"2016-04-30T22:30:49","guid":{"rendered":"http:\/\/www.redenoticia.com.br\/noticia\/?p=85327"},"modified":"2016-04-29T15:36:05","modified_gmt":"2016-04-29T18:36:05","slug":"novela-sila-resumo-0205-boran-e-sila-se-reconciliam","status":"publish","type":"post","link":"https:\/\/migracao.redenoticia.com.br\/noticia\/2016\/novela-sila-resumo-0205-boran-e-sila-se-reconciliam\/85327","title":{"rendered":"Novela \u201cSila\u201d resumo 02\/05: Boran e Sila se reconciliam"},"content":{"rendered":"<p> <img loading=\"lazy\" decoding=\"async\" src=\"https:\/\/migracao.redenoticia.com.br\/noticia\/imagens\/sila_band_novela_resumo_capitulo-150x112.jpg\" alt=\"sila_band_novela_resumo_capitulo\" width=\"150\" height=\"112\" class=\"alignleft size-thumbnail wp-image-83098\" srcset=\"https:\/\/migracao.redenoticia.com.br\/noticia\/imagens\/sila_band_novela_resumo_capitulo-150x112.jpg 150w, https:\/\/migracao.redenoticia.com.br\/noticia\/imagens\/sila_band_novela_resumo_capitulo-265x198.jpg 265w\" sizes=\"auto, (max-width: 150px) 100vw, 150px\" \/><strong><em> Novela \u201cSila\u201d resumo 02\/05<\/em><\/strong>: Boran continua a seguir os passos de Sila e se sente bastante incomodado com a proximidade entre ela e Emre, o que comprova que ele ainda \u00e9 apaixonado por ela. Sila reencontra Boran para dizer que o ama, mas n\u00e3o poder\u00e1 viver em Mardin devido a suas leis primitivas e arcaicas. Decididos a irem contra os mandamentos da tribo, ambos se reconciliam, uma vez que ela espera um filho dele.<\/p>\n<p>No capitulo 030 (*), novela \u201cSila\u201d, segunda-feira, 02 de maio \u2013 Bedar conta aos filhos que est\u00e3o todos jurados de morte. Dihan encontra-se novamente com Burhan, tio de Sila. Celil aponta arma para Sila. Boran investiga a vida de Emre e v\u00ea fotos dele com Sila. Sila descobre que est\u00e1 gr\u00e1vida, mas n\u00e3o conta a ningu\u00e9m. Boran arma um plano para entrar na casa de Sila.<\/p>\n<p> Sila e Bedar chegam ao hospital para ver Celil e Boran acompanha tudo de longe. Cihan exige que Boran mate a esposa em nome da tradi\u00e7\u00e3o. Boran entra no quarto de Celil e Bedar pede ajuda a ele. <\/p>\n<p>Sila descobre que Emre mandou os seguran\u00e7as agredirem Celil. Sila decide brigar com o tio na justi\u00e7a para ficar com a heran\u00e7a dos pais.<\/p>\n<p>(*) edi\u00e7\u00e3o da Band, Novela \u201cSila\u201d, sujeito a altera\u00e7\u00e3o de data e conte\u00fado.<\/p>\n","protected":false},"excerpt":{"rendered":"<p>Novela \u201cSila\u201d resumo 02\/05: Boran continua a seguir os passos de Sila e se sente bastante incomodado com a proximidade entre ela e Emre, o que comprova que ele ainda \u00e9 apaixonado por ela. Sila reencontra Boran para dizer que o ama, mas n\u00e3o poder\u00e1 viver em Mardin devido a suas leis primitivas e arcaicas. [&hellip;]<\/p>\n","protected":false},"author":2,"featured_media":83098,"comment_status":"open","ping_status":"closed","sticky":false,"template":"","format":"standard","meta":{"tdm_status":"","tdm_grid_status":"","footnotes":""},"categories":[390,379,343],"tags":[441],"class_list":{"0":"post-85327","1":"post","2":"type-post","3":"status-publish","4":"format-standard","5":"has-post-thumbnail","7":"category-band","8":"category-novelas","9":"category-televisao","10":"tag-resumo-do-dia"},"_links":{"self":[{"href":"https:\/\/migracao.redenoticia.com.br\/noticia\/wp-json\/wp\/v2\/posts\/85327","targetHints":{"allow":["GET"]}}],"collection":[{"href":"https:\/\/migracao.redenoticia.com.br\/noticia\/wp-json\/wp\/v2\/posts"}],"about":[{"href":"https:\/\/migracao.redenoticia.com.br\/noticia\/wp-json\/wp\/v2\/types\/post"}],"author":[{"embeddable":true,"href":"https:\/\/migracao.redenoticia.com.br\/noticia\/wp-json\/wp\/v2\/users\/2"}],"replies":[{"embeddable":true,"href":"https:\/\/migracao.redenoticia.com.br\/noticia\/wp-json\/wp\/v2\/comments?post=85327"}],"version-history":[{"count":0,"href":"https:\/\/migracao.redenoticia.com.br\/noticia\/wp-json\/wp\/v2\/posts\/85327\/revisions"}],"wp:featuredmedia":[{"embeddable":true,"href":"https:\/\/migracao.redenoticia.com.br\/noticia\/wp-json\/wp\/v2\/media\/83098"}],"wp:attachment":[{"href":"https:\/\/migracao.redenoticia.com.br\/noticia\/wp-json\/wp\/v2\/media?parent=85327"}],"wp:term":[{"taxonomy":"category","embeddable":true,"href":"https:\/\/migracao.redenoticia.com.br\/noticia\/wp-json\/wp\/v2\/categories?post=85327"},{"taxonomy":"post_tag","embeddable":true,"href":"https:\/\/migracao.redenoticia.com.br\/noticia\/wp-json\/wp\/v2\/tags?post=85327"}],"curies":[{"name":"wp","href":"https:\/\/api.w.org\/{rel}","templated":true}]}}