{"id":85357,"date":"2016-04-29T16:55:30","date_gmt":"2016-04-29T19:55:30","guid":{"rendered":"http:\/\/www.redenoticia.com.br\/noticia\/?p=85357"},"modified":"2016-04-29T16:55:30","modified_gmt":"2016-04-29T19:55:30","slug":"novela-cuidado-com-o-anjo-resumo-0205-malu-entra-no-centro-cirurgico","status":"publish","type":"post","link":"https:\/\/migracao.redenoticia.com.br\/noticia\/2016\/novela-cuidado-com-o-anjo-resumo-0205-malu-entra-no-centro-cirurgico\/85357","title":{"rendered":"Novela \u201cCuidado com o Anjo\u201d resumo 02\/05: Mal\u00fa entra no centro cir\u00fargico"},"content":{"rendered":"<p> <img loading=\"lazy\" decoding=\"async\" src=\"https:\/\/migracao.redenoticia.com.br\/noticia\/imagens\/cuidado-com-o-anjo-novela-resumo-capitulo-sbt-episodio-150x112.jpg\" alt=\"cuidado com o anjo novela resumo capitulo sbt episodio\" width=\"150\" height=\"112\" class=\"alignleft size-thumbnail wp-image-82049\" srcset=\"https:\/\/migracao.redenoticia.com.br\/noticia\/imagens\/cuidado-com-o-anjo-novela-resumo-capitulo-sbt-episodio-150x112.jpg 150w, https:\/\/migracao.redenoticia.com.br\/noticia\/imagens\/cuidado-com-o-anjo-novela-resumo-capitulo-sbt-episodio-265x198.jpg 265w\" sizes=\"auto, (max-width: 150px) 100vw, 150px\" \/><strong><em>Novela \u201cCuidado com o Anjo\u201d resumo 02\/05<\/em><\/strong>: ap\u00f3s os resultados dos exames, Patr\u00edcio conta a Mal\u00fa que ela tem um tumor cerebral e precisa ser operada. Dr. Duran conversa com Patr\u00edcio e insiste que o melhor m\u00e9dico para operar sua filha \u00e9 Jo\u00e3o Miguel, mas ele continua irredut\u00edvel em sua decis\u00e3o. Todos tentam convenc\u00ea-lo, inclusive Rosa e Daniel que discutem com ele e dizem que ser\u00e1 o \u00fanico culpado se algo acontecer com Mal\u00fa. Ent\u00e3o, Patr\u00edcio procura Jo\u00e3o Miguel e pede a ele que salve sua filha. Jo\u00e3o Miguel promete ao juiz que vai fazer tudo que estiver ao seu alcance para salvar sua filha. Mais tarde, Patr\u00edcio e Cec\u00edlia acompanham Mal\u00fa at\u00e9 o centro cir\u00fargico. Antes de ser anestesiada, Mal\u00fa pede aos m\u00e9dicos que salvem sua vida.<\/p>\n<p>?No capitulo 111(*), novela \u201cCuidado com o Anjo\u201d, segunda-feira, 02 de maio \u2013 Jo\u00e3o Miguel se comove com a confiss\u00e3o de Rafael, mas ao mesmo tempo se atormenta pensando que possa haver algo entre ele e Mal\u00fa. Patr\u00edcio diz a Mal\u00fa que ela tem um tumor cerebral e precisa ser operada. Ana J\u00falia est\u00e1 decidida a convencer Jo\u00e3o Miguel a n\u00e3o operar Mal\u00fa, mesmo que Patr\u00edcio o autorize. <\/p>\n<p>Em nome de Eduardo, Ana J\u00falia marca um encontro com Elsa e depois avisa Beatriz para que v\u00e1 at\u00e9 o local. Dr. Duran insiste com Patr\u00edcio que o melhor m\u00e9dico para operar sua filha \u00e9 Jo\u00e3o Miguel, mas ele continua irredut\u00edvel em sua decis\u00e3o. <\/p>\n<p>Rosa e Daniel discutem com Patr\u00edcio e dizem que ser\u00e1 o \u00fanico culpado se algo acontecer com Mal\u00fa. Rafael confessa ao pai que est\u00e1 apaixonado por Mal\u00fa. Beatriz flagra Elza e Eduardo juntos e se convence que est\u00e1 sendo tra\u00edda. Patr\u00edcio procura Jo\u00e3o Miguel e pede a ele que salve sua filha.  <\/p>\n<p>(*) edi\u00e7\u00e3o do SBT, Novela \u201cCuidado com o Anjo\u201d, sujeito a altera\u00e7\u00e3o de data e conte\u00fado.<\/p>\n","protected":false},"excerpt":{"rendered":"<p>Novela \u201cCuidado com o Anjo\u201d resumo 02\/05: ap\u00f3s os resultados dos exames, Patr\u00edcio conta a Mal\u00fa que ela tem um tumor cerebral e precisa ser operada. Dr. Duran conversa com Patr\u00edcio e insiste que o melhor m\u00e9dico para operar sua filha \u00e9 Jo\u00e3o Miguel, mas ele continua irredut\u00edvel em sua decis\u00e3o. Todos tentam convenc\u00ea-lo, inclusive [&hellip;]<\/p>\n","protected":false},"author":2,"featured_media":82049,"comment_status":"open","ping_status":"closed","sticky":false,"template":"","format":"standard","meta":{"tdm_status":"","tdm_grid_status":"","footnotes":""},"categories":[379,372,343],"tags":[441],"class_list":{"0":"post-85357","1":"post","2":"type-post","3":"status-publish","4":"format-standard","5":"has-post-thumbnail","7":"category-novelas","8":"category-sbt","9":"category-televisao","10":"tag-resumo-do-dia"},"_links":{"self":[{"href":"https:\/\/migracao.redenoticia.com.br\/noticia\/wp-json\/wp\/v2\/posts\/85357","targetHints":{"allow":["GET"]}}],"collection":[{"href":"https:\/\/migracao.redenoticia.com.br\/noticia\/wp-json\/wp\/v2\/posts"}],"about":[{"href":"https:\/\/migracao.redenoticia.com.br\/noticia\/wp-json\/wp\/v2\/types\/post"}],"author":[{"embeddable":true,"href":"https:\/\/migracao.redenoticia.com.br\/noticia\/wp-json\/wp\/v2\/users\/2"}],"replies":[{"embeddable":true,"href":"https:\/\/migracao.redenoticia.com.br\/noticia\/wp-json\/wp\/v2\/comments?post=85357"}],"version-history":[{"count":0,"href":"https:\/\/migracao.redenoticia.com.br\/noticia\/wp-json\/wp\/v2\/posts\/85357\/revisions"}],"wp:featuredmedia":[{"embeddable":true,"href":"https:\/\/migracao.redenoticia.com.br\/noticia\/wp-json\/wp\/v2\/media\/82049"}],"wp:attachment":[{"href":"https:\/\/migracao.redenoticia.com.br\/noticia\/wp-json\/wp\/v2\/media?parent=85357"}],"wp:term":[{"taxonomy":"category","embeddable":true,"href":"https:\/\/migracao.redenoticia.com.br\/noticia\/wp-json\/wp\/v2\/categories?post=85357"},{"taxonomy":"post_tag","embeddable":true,"href":"https:\/\/migracao.redenoticia.com.br\/noticia\/wp-json\/wp\/v2\/tags?post=85357"}],"curies":[{"name":"wp","href":"https:\/\/api.w.org\/{rel}","templated":true}]}}