{"id":85362,"date":"2016-04-29T18:27:10","date_gmt":"2016-04-29T21:27:10","guid":{"rendered":"http:\/\/www.redenoticia.com.br\/noticia\/?p=85362"},"modified":"2016-04-29T18:27:10","modified_gmt":"2016-04-29T21:27:10","slug":"novela-abismo-da-paixao-resumo-0205-elisa-enfrenta-ramiro","status":"publish","type":"post","link":"https:\/\/migracao.redenoticia.com.br\/noticia\/2016\/novela-abismo-da-paixao-resumo-0205-elisa-enfrenta-ramiro\/85362","title":{"rendered":"Novela \u201cAbismo da Paix\u00e3o\u201d resumo 02\/05: Elisa enfrenta Ramiro"},"content":{"rendered":"<p> <img loading=\"lazy\" decoding=\"async\" class=\"alignleft size-thumbnail wp-image-81978\" src=\"https:\/\/migracao.redenoticia.com.br\/noticia\/imagens\/abismo_de_paixao_sbt_resumo_novela-150x112.jpg\" alt=\"abismo_de_paixao_sbt_resumo_novela\" width=\"150\" height=\"112\" srcset=\"https:\/\/migracao.redenoticia.com.br\/noticia\/imagens\/abismo_de_paixao_sbt_resumo_novela-150x112.jpg 150w, https:\/\/migracao.redenoticia.com.br\/noticia\/imagens\/abismo_de_paixao_sbt_resumo_novela-265x198.jpg 265w\" sizes=\"auto, (max-width: 150px) 100vw, 150px\" \/><strong><em>Novela \u201cAbismo da Paix\u00e3o\u201d resumo 02\/05<\/em><\/strong>: Elisa se encontra com Ramiro e este a aborrece. Ela diz que o problema de Ramiro \u00e9 se sentir um Arango, ele fica furioso e tenta agredi-la. Lucio chega, lhe d\u00e1 um soco e Ramiro o devolve com um golpe. Lucio fica sem sentido e vai para o centro de sa\u00fade. Mais tarde, Elisa novamente se encontra com Ramiro. Cinicamente, ele diz a Elisa que quer provar se ela beija t\u00e3o bem quanto sua m\u00e3e, pois Rog\u00e9rio dizia que Estef\u00e2nia beijava muito bem. Elisa, furiosa, esbofeteia Ramiro, mas ele tenta beij\u00e1-la a for\u00e7a. Edmundo aparece e a defende. Quando retorna a sua casa, novamente seu pai a esbofeteia por achar que ela passou a noite com um homem. Elisa diz que esteve \u00e0 noite toda no centro de sa\u00fade, pois seu padrinho estava inconsciente. Ela diz que avisou Carmen, que por sua vez diz ter se esquecido de dar o recado. Augusto pede perd\u00e3o a Elisa, ela o perdoa, mas pede que jamais volte a esbofete\u00e1-la.<\/p>\n<p>No cap\u00edtulo 026 (*), novela \u201cAbismo da Paix\u00e3o\u201d, segunda-feira, 02 de maio \u2013 Ingrid diz ao Padre Lupe que deseja recuperar seu filho. O Padre diz que Gael j\u00e1 \u00e9 um homem, e se ela se revelar para ele agora s\u00f3 o far\u00e1 sofrer. Ingrid responde que deixou seu filho porque n\u00e3o tinha nada para oferecer-lhe, e tem sim todo o direito de recuper\u00e1-lo. Padre Lupe a corrige, dizendo que ela na verdade acreditava que Gael seria um estorvo. Lucio, por fim, recobra os sentidos, para a alegria de Branca e Elisa. Elisa novamente se encontra com Ramiro. Ele a diz que sente muita vontade de beij\u00e1-la. <\/p>\n<p>Cinicamente, Ramiro diz a Elisa que quer provar se ela beija t\u00e3o bem quanto sua m\u00e3e, pois Rog\u00e9rio o dizia que Estef\u00e2nia beijava muito bem. Elisa, furiosa, esbofeteia Ramiro, mas ele tenta beij\u00e1-la a for\u00e7a. Edmundo aparece e a defende. Dami\u00e3o se zanga ao ver Paulo na processadora. Augusto, furioso, esbofeteia Elisa, e a acusa de ter dormido com um homem. Elisa diz que esteve a noite toda no centro de sa\u00fade, pois seu padrinho estava inconsciente. Ela diz que avisou Carmen, que por sua vez diz ter se esquecido de dar o recado. Augusto pede perd\u00e3o a Elisa, Ela o perdoa, mas pede que jamais volte a esbofete\u00e1-la. Edmundo tenta novamente se justificar diante de Paloma, por ela ter o surpreendido junto a Carmen. <\/p>\n<p>Paloma o responde que n\u00e3o precisa a dar satisfa\u00e7\u00f5es de sua vida, mas que ele se cuide, pois Carmen \u00e9 uma mulher desprez\u00edvel. Edmundo diz a Augusto que aproveitando que Elisa estava por ali, tirou uma amostra de sangue da garota com o argumento de que era necess\u00e1rio para uns testes em Lucio. Carmen astuta diz a Edmundo que o ama, e quer que ele tamb\u00e9m o demonstre que a ama, falsificando os resultados de paternidade de Augusto e Elisa.<\/p>\n<p>(*) edi\u00e7\u00e3o do SBT, Novela \u201cAbismo da Paix\u00e3o\u201d, sujeito a altera\u00e7\u00e3o de data e conte\u00fado. <\/p>\n","protected":false},"excerpt":{"rendered":"<p>Novela \u201cAbismo da Paix\u00e3o\u201d resumo 02\/05: Elisa se encontra com Ramiro e este a aborrece. Ela diz que o problema de Ramiro \u00e9 se sentir um Arango, ele fica furioso e tenta agredi-la. Lucio chega, lhe d\u00e1 um soco e Ramiro o devolve com um golpe. Lucio fica sem sentido e vai para o centro [&hellip;]<\/p>\n","protected":false},"author":2,"featured_media":81978,"comment_status":"open","ping_status":"closed","sticky":false,"template":"","format":"standard","meta":{"tdm_status":"","tdm_grid_status":"","footnotes":""},"categories":[379,372,343],"tags":[441],"class_list":{"0":"post-85362","1":"post","2":"type-post","3":"status-publish","4":"format-standard","5":"has-post-thumbnail","7":"category-novelas","8":"category-sbt","9":"category-televisao","10":"tag-resumo-do-dia"},"_links":{"self":[{"href":"https:\/\/migracao.redenoticia.com.br\/noticia\/wp-json\/wp\/v2\/posts\/85362","targetHints":{"allow":["GET"]}}],"collection":[{"href":"https:\/\/migracao.redenoticia.com.br\/noticia\/wp-json\/wp\/v2\/posts"}],"about":[{"href":"https:\/\/migracao.redenoticia.com.br\/noticia\/wp-json\/wp\/v2\/types\/post"}],"author":[{"embeddable":true,"href":"https:\/\/migracao.redenoticia.com.br\/noticia\/wp-json\/wp\/v2\/users\/2"}],"replies":[{"embeddable":true,"href":"https:\/\/migracao.redenoticia.com.br\/noticia\/wp-json\/wp\/v2\/comments?post=85362"}],"version-history":[{"count":0,"href":"https:\/\/migracao.redenoticia.com.br\/noticia\/wp-json\/wp\/v2\/posts\/85362\/revisions"}],"wp:featuredmedia":[{"embeddable":true,"href":"https:\/\/migracao.redenoticia.com.br\/noticia\/wp-json\/wp\/v2\/media\/81978"}],"wp:attachment":[{"href":"https:\/\/migracao.redenoticia.com.br\/noticia\/wp-json\/wp\/v2\/media?parent=85362"}],"wp:term":[{"taxonomy":"category","embeddable":true,"href":"https:\/\/migracao.redenoticia.com.br\/noticia\/wp-json\/wp\/v2\/categories?post=85362"},{"taxonomy":"post_tag","embeddable":true,"href":"https:\/\/migracao.redenoticia.com.br\/noticia\/wp-json\/wp\/v2\/tags?post=85362"}],"curies":[{"name":"wp","href":"https:\/\/api.w.org\/{rel}","templated":true}]}}