{"id":85372,"date":"2016-05-02T10:39:15","date_gmt":"2016-05-02T13:39:15","guid":{"rendered":"http:\/\/www.redenoticia.com.br\/noticia\/?p=85372"},"modified":"2016-04-29T18:50:36","modified_gmt":"2016-04-29T21:50:36","slug":"sociedade-medica-lanca-campanha-contra-a-pneumonia","status":"publish","type":"post","link":"https:\/\/migracao.redenoticia.com.br\/noticia\/2016\/sociedade-medica-lanca-campanha-contra-a-pneumonia\/85372","title":{"rendered":"Sociedade m\u00e9dica lan\u00e7a campanha contra a pneumonia"},"content":{"rendered":"<p> Em um momento em que as aten\u00e7\u00f5es se voltam para os surtos de gripe provocados pelo v\u00edrus H1N1, um outro importante problema de sa\u00fade para o Brasil tamb\u00e9m ganha destaque: a <strong><em>pneumonia<\/em><\/strong>, uma das principais causas de interna\u00e7\u00e3o no Pa\u00eds, com elevada mortalidade. Isso porque a gripe facilita a locomo\u00e7\u00e3o pelo corpo da principal bact\u00e9ria associada \u00e0 pneumonia, o pneumococo, possibilitando que ela se desloque do nariz at\u00e9 os pulm\u00f5es, levando \u00e0 infec\u00e7\u00e3o. Essa bact\u00e9ria est\u00e1 presente, quase sempre de forma assintom\u00e1tica, no nariz de 80% das crian\u00e7as, conforme a literatura m\u00e9dica.<\/p>\n<p>Pacientes com o sistema imunol\u00f3gico mais fragilizado, como crian\u00e7as, idosos, gestantes e portadores de doen\u00e7as cr\u00f4nicas, est\u00e3o entre os p\u00fablicos mais suscet\u00edveis \u00e0 pneumonia causada pela bact\u00e9ria pneumococo. Mas, com a consolida\u00e7\u00e3o da vacina\u00e7\u00e3o infantil contra as doen\u00e7as pneumoc\u00f3cicas nos \u00faltimos anos, vem ocorrendo um decl\u00ednio de hospitaliza\u00e7\u00f5es ligadas \u00e0 doen\u00e7a nessa faixa et\u00e1ria 1,2. Em contrapartida, houve um aumento no volume de interna\u00e7\u00f5es de pessoas com 50 anos ou mais. A situa\u00e7\u00e3o \u00e9 ainda mais grave quando se considera o contexto nacional, marcado por um acelerado envelhecimento populacional, segundo tend\u00eancia que vem sendo apontada pelo Instituto Brasileiro de Geografia e Estat\u00edstica (IBGE) nos \u00faltimos anos.<\/p>\n<p>Em 2015, por exemplo, a parcela com 50 anos ou mais correspondia a 45,7% dos 626.321 hospitalizados por pneumonia nos hospitais ligados ao Sistema \u00danico de Sa\u00fade (SUS), porcentagem que era de 32,5% para os pacientes com 4 anos ou menos. J\u00e1 em 2009, um ano antes do in\u00edcio da vacina\u00e7\u00e3o infantil em massa, as crian\u00e7as de at\u00e9 4 anos correspondiam \u00e0 maioria dos casos, ou 39,8% das 808.350 interna\u00e7\u00f5es motivadas pela doen\u00e7a no per\u00edodo, enquanto os adultos com 50 anos ou mais somavam 248.398 pessoas, ou 30,7% do total. A situa\u00e7\u00e3o, portanto, praticamente se inverteu.<\/p>\n<p>Campanha<br \/>\nO desafio, agora, \u00e9 conscientizar a popula\u00e7\u00e3o madura sobre a import\u00e2ncia da prote\u00e7\u00e3o. Esse \u00e9 o objetivo da campanha Pneumonia Pneumoc\u00f3cica tem Vacina, lan\u00e7ada hoje pela Sociedade Brasileira de Pneumologia e Tisiologia (SBPT), com apoio da Sociedade Brasileira de Imuniza\u00e7\u00f5es (SBIm) e da Pfizer. Com a\u00e7\u00f5es presenciais e plataforma digital, a iniciativa percorrer\u00e1 o Distrito Federal e sete Estados do Pa\u00eds: S\u00e3o Paulo, Rio de Janeiro, Cear\u00e1, Pernambuco, Bahia, Rio Grande do Sul e Paran\u00e1. Em parques e shoppings selecionados, enfermeiros distribuir\u00e3o materiais informativos sobre a pneumonia pneumoc\u00f3cica e suas formas de preven\u00e7\u00e3o.<\/p>\n<p>O p\u00fablico poder\u00e1 encontrar mais informa\u00e7\u00f5es sobre a campanha no portal , al\u00e9m de acompanhar a programa\u00e7\u00e3o prevista para cada cidade na fanpage www.facebook.com\/pneumoniatemvacina. \u201c\u00c9 preciso provocar uma mudan\u00e7a efetiva no h\u00e1bito vacinal dos brasileiros. Muitos acreditam, erroneamente, que vacinas s\u00e3o importantes apenas para as crian\u00e7as. Por isso, necessitamos levar adiante um trabalho cont\u00ednuo de conscientiza\u00e7\u00e3o\u201d, afirma o pneumologista Fernando Luiz Cavalcanti Lundgren, presidente eleito da SBPT para o bi\u00eanio 2017-2018.<\/p>\n<p>Pesquisa<br \/>\nMesmo entre os adultos que conhecem a import\u00e2ncia da preven\u00e7\u00e3o contra as doen\u00e7as pneumoc\u00f3cicas, d\u00favidas prevalecem. \u00c9 o que mostra um levantamento in\u00e9dito sobre o tema realizado em seis capitais do Pa\u00eds e divulgado hoje. Realizada pelo Instituto Global Market Research, a pedido da Pfizer, a pesquisa Retratos da Pneumonia envolveu 600 participantes. E, embora 57% desses entrevistados tenham admitido que poderiam ter feito algo no passado para prevenir a pneumonia, o desconhecimento sobre as formas mais adequadas de prote\u00e7\u00e3o prevalece. Nenhuma das pessoas que acreditam que poderiam ter evitado a pneumonia citou a vacina\u00e7\u00e3o. Entre as respostas mais comuns aparece, por exemplo, a falsa percep\u00e7\u00e3o de que evitar friagem poderia ter impedido o surgimento da doen\u00e7a, o que na verdade constitui um mito.<\/p>\n<p>Outra confus\u00e3o comum quando o assunto \u00e9 a preven\u00e7\u00e3o de doen\u00e7as pneumoc\u00f3cicas aparece com destaque no levantamento. A maioria das pessoas, ou 50,7% do total, acredita que a vacina contra a gripe protege tamb\u00e9m contra a pneumonia, quando na verdade a imuniza\u00e7\u00e3o contra cada uma dessas doen\u00e7as \u00e9 feita por meio de vacinas completamente diferentes. No caso da vacina contra a pneumonia pneumoc\u00f3cica, por exemplo, basta uma \u00fanica dose para que o adulto fique protegido durante toda a vida dos sorotipos contemplados pelo imunizante.<\/p>\n<p>O levantamento mostrou tamb\u00e9m que a pneumonia, al\u00e9m de comprometer a sa\u00fade do paciente, impacta fortemente outras \u00e1reas de sua vida, com repercuss\u00f5es econ\u00f4micas, sociais e emocionais. S\u00e3o comuns, por exemplo, preju\u00edzos profissionais e perdas sociais relevantes, considerando a necessidade de interna\u00e7\u00e3o em grande parte dos casos e de tratamento prolongado. De fato, 66,2% dos entrevistados tiveram de se afastar do trabalho em fun\u00e7\u00e3o da doen\u00e7a. E por muito tempo: essa aus\u00eancia durou, em m\u00e9dia, 21 dias. J\u00e1 o tratamento se estendeu por 28 dias, em m\u00e9dia. Al\u00e9m disso, 59,3% dos participantes alegaram perdas sociais e emocionais significativas, como o afastamento da fam\u00edlia e dos amigos, bem como a impossibilidade de comparecer a eventos \u00fanicos e importantes, como casamentos e formaturas.<\/p>\n<p>De modo geral, 64,5% dos participantes, o que representa 387 pessoas, disseram que foram impactados de alguma forma pela pneumonia. Desses, quase um ter\u00e7o (27,9%) relatou que um familiar tamb\u00e9m teve de se afastar do trabalho para auxili\u00e1-lo no tratamento. Ainda em rela\u00e7\u00e3o aos impactos econ\u00f4micos da doen\u00e7a, 46% dos entrevistados alegaram que os custos dom\u00e9sticos aumentaram por causa da enfermidade. Al\u00e9m disso, 49,1% deles apontaram gastos extras com transporte e 84,8% declararam que tiveram mais despesas com medicamentos.<\/p>\n<p>A pesquisa envolveu pacientes com 18 anos de idade ou mais, moradores de S\u00e3o Paulo, Rio de Janeiro, Belo Horizonte, Salvador, Porto Alegre e Curitiba. Quase quatro a cada dez pacientes (37,8%) tiveram de ser hospitalizados e, dentro desse grupo, a interna\u00e7\u00e3o durou 14 dias, em m\u00e9dia. \u201cPor meio desse trabalho constatamos que os preju\u00edzos da doen\u00e7a v\u00e3o muito al\u00e9m dos aspectos org\u00e2nicos, o que \u00e9 extremamente valioso para um momento em que se valoriza, cada vez mais, um olhar voltado para o paciente como um todo, e n\u00e3o apenas para a doen\u00e7a que ele apresenta\u201d, afirma o diretor m\u00e9dico da Pfizer, Eurico Correia.<\/p>\n<p>Refer\u00eancias:<br \/>\n1. Afonso, Eliane T. Effect of 10-Valent Pneumococcal Vaccine on Pneumonia among children, Brazsil. Emerging Infectious Diseases Journal.<br \/>\n2. Andrade, Ana Lucia. Evaluating the impact of PCV-10 on invasive pneumococcal disease in Brazil: A time-series analysis. Human Vaccines &amp; Immunotherapeutics. Volume 12, Issue 2, 2016<\/p>\n","protected":false},"excerpt":{"rendered":"<p>Em um momento em que as aten\u00e7\u00f5es se voltam para os surtos de gripe provocados pelo v\u00edrus H1N1, um outro importante problema de sa\u00fade para o Brasil tamb\u00e9m ganha destaque: a pneumonia, uma das principais causas de interna\u00e7\u00e3o no Pa\u00eds, com elevada mortalidade. Isso porque a gripe facilita a locomo\u00e7\u00e3o pelo corpo da principal bact\u00e9ria [&hellip;]<\/p>\n","protected":false},"author":2,"featured_media":57579,"comment_status":"open","ping_status":"closed","sticky":false,"template":"","format":"standard","meta":{"tdm_status":"","tdm_grid_status":"","footnotes":""},"categories":[22,5],"tags":[],"class_list":{"0":"post-85372","1":"post","2":"type-post","3":"status-publish","4":"format-standard","5":"has-post-thumbnail","7":"category-brasil","8":"category-saude-e-vida"},"_links":{"self":[{"href":"https:\/\/migracao.redenoticia.com.br\/noticia\/wp-json\/wp\/v2\/posts\/85372","targetHints":{"allow":["GET"]}}],"collection":[{"href":"https:\/\/migracao.redenoticia.com.br\/noticia\/wp-json\/wp\/v2\/posts"}],"about":[{"href":"https:\/\/migracao.redenoticia.com.br\/noticia\/wp-json\/wp\/v2\/types\/post"}],"author":[{"embeddable":true,"href":"https:\/\/migracao.redenoticia.com.br\/noticia\/wp-json\/wp\/v2\/users\/2"}],"replies":[{"embeddable":true,"href":"https:\/\/migracao.redenoticia.com.br\/noticia\/wp-json\/wp\/v2\/comments?post=85372"}],"version-history":[{"count":0,"href":"https:\/\/migracao.redenoticia.com.br\/noticia\/wp-json\/wp\/v2\/posts\/85372\/revisions"}],"wp:featuredmedia":[{"embeddable":true,"href":"https:\/\/migracao.redenoticia.com.br\/noticia\/wp-json\/wp\/v2\/media\/57579"}],"wp:attachment":[{"href":"https:\/\/migracao.redenoticia.com.br\/noticia\/wp-json\/wp\/v2\/media?parent=85372"}],"wp:term":[{"taxonomy":"category","embeddable":true,"href":"https:\/\/migracao.redenoticia.com.br\/noticia\/wp-json\/wp\/v2\/categories?post=85372"},{"taxonomy":"post_tag","embeddable":true,"href":"https:\/\/migracao.redenoticia.com.br\/noticia\/wp-json\/wp\/v2\/tags?post=85372"}],"curies":[{"name":"wp","href":"https:\/\/api.w.org\/{rel}","templated":true}]}}