{"id":85374,"date":"2016-05-02T10:40:43","date_gmt":"2016-05-02T13:40:43","guid":{"rendered":"http:\/\/www.redenoticia.com.br\/noticia\/?p=85374"},"modified":"2016-04-29T18:51:57","modified_gmt":"2016-04-29T21:51:57","slug":"complexos-de-rutenio-sao-eficazes-para-o-combate-ao-cancer","status":"publish","type":"post","link":"https:\/\/migracao.redenoticia.com.br\/noticia\/2016\/complexos-de-rutenio-sao-eficazes-para-o-combate-ao-cancer\/85374","title":{"rendered":"Complexos de rut\u00eanio s\u00e3o eficazes para o combate ao c\u00e2ncer"},"content":{"rendered":"<p> Segundo a Funda\u00e7\u00e3o do C\u00e2ncer, mais de 500 mil pessoas por ano no Brasil descobrem que t\u00eam algum tipo de tumor. Neste sentido, a produ\u00e7\u00e3o cient\u00edfica em busca de solu\u00e7\u00f5es tem se mostrado cada vez mais importante. Propor uma alternativa \u00fatil e eficaz \u00e9 o objetivo do estudo \u201cIn vitro evaluation of the cytogenotoxic potential of Ruthenium (II) SCAR complexes: a promising class of antituberculosis agents\u201d, desenvolvido pelo pesquisador Rone Aparecido De Grandis, da Faculdade de Ci\u00eancias Farmac\u00eauticas da Universidade Estadual Paulista (Unesp). \u201cDentro do estudo, obtivemos resultados altamente relevantes sobre a a\u00e7\u00e3o antitumoral de complexos de <em><strong>rut\u00eanio<\/strong><\/em>, com atividades quase 100 vezes maiores do que f\u00e1rmacos utilizados nos tratamentos antic\u00e2ncer, como a cisplatina [refer\u00eancia no tratamento da doen\u00e7a]. Al\u00e9m disso, destacamos a import\u00e2ncia da avalia\u00e7\u00e3o do perfil de seguran\u00e7a de novos f\u00e1rmacos, por meio de testes recomendados internacionalmente\u201d, explica o cientista.<\/p>\n<p>Para avaliar o efeito antitumoral dos complexos, foram realizados testes frente a diversas linhagens celulares tumorais, como mama, pr\u00f3stata, intestino, f\u00edgado e colo uterino. Para o especialista, \u201cos resultados s\u00e3o bastante expressivos, quando comparados com outros descritos na literatura at\u00e9 o momento\u201d. De Grandis pretende dar continuidade \u00e0s pesquisas: \u201cno doutorado, vou elucidar melhor o mecanismo de a\u00e7\u00e3o destes complexos por meio da avalia\u00e7\u00e3o da instabilidade gen\u00f4mica em esfer\u00f3ides multicelulares tumorais. Os estudos sobre a caracteriza\u00e7\u00e3o biol\u00f3gica desses complexos se tornam importantes para que se possa definir o real potencial cl\u00ednico\u201d.<\/p>\n<p>Para o desenvolvimento da disserta\u00e7\u00e3o, Rone De Grandis precisou buscar v\u00e1rias refer\u00eancias sobre o tema na literatura acad\u00eamico-cient\u00edfica. \u201cO Portal de Peri\u00f3dicos da Capes foi uma importante fonte de consultas a artigos e disserta\u00e7\u00f5es. Como a grande maioria da informa\u00e7\u00e3o cient\u00edfica \u00e9 encontrada em meio digital, a consulta ao Portal foi recorrente durante minha pesquisa\u201d, detalha. Segundo ele, \u201co acesso ao acervo do Portal de Peri\u00f3dicos permite n\u00e3o s\u00f3 a atualiza\u00e7\u00e3o, mas tamb\u00e9m o aumento da produ\u00e7\u00e3o cient\u00edfica no Brasil e seu crescimento no panorama internacional\u201d.<\/p>\n<p>Mestre em Bioci\u00eancias e Biotecnologia Aplicadas \u00e0 Farm\u00e1cia, De Grandis descreve que recebeu apoio da Capes durante seu mestrado, com bolsa de estudos e aux\u00edlios financeiros para participa\u00e7\u00e3o em congressos. \u201c A presen\u00e7a em eventos cient\u00edficos foi muito importante para a divulga\u00e7\u00e3o do meu trabalho e para a troca de informa\u00e7\u00f5es com outros grupos\u201d, diz o pesquisador. Em 2014, Rone recebeu o pr\u00ea mio de melhor trabalho da \u00e1rea de mutag\u00eanese, apresentado no \u201c60\u00ba Congresso Brasileiro de Gen\u00e9tica\u201d (Guaruj\u00e1\/SP) e, em 2015, o pr\u00ea mio \u201cNewton Freire-Maia\u201d de melhor apresenta\u00e7\u00e3o o ral , pela Universidade Federal do Paran\u00e1 (Curitiba\/PR) .<\/p>\n<p>De Grandis teve sua an\u00e1lise publicada pelo peri\u00f3dico Mutation Research &#8211; Genetic Toxicology and Environmental Mutagenesis. Al\u00e9m disso, segundo o autor, outro paper acaba de ser submetido ao Journal of Inorganic Biochemistry.<br \/>\nOs dois t\u00edtulos est\u00e3o dispon\u00edveis para os usu\u00e1rios do Portal de Peri\u00f3dicos, por meio da op\u00e7\u00e3o \u201cBuscar peri\u00f3dico\u201d no Portal de Peri\u00f3dicos da Capes. A disserta\u00e7\u00e3o completa tamb\u00e9m pode ser encontrada no Reposit\u00f3rio Institucional da Unesp.<\/p>\n<p>O estudo contou com a participa\u00e7\u00e3o de Fl\u00e1via Aparecida Resende (Dep. de Ci\u00eancias Biol\u00f3gicas e da Sa\u00fade \u2013 UNIARA), Monize Martins da Silva (Dep. de Qu\u00edmica \u2013 UFSCar), Fernando Rog\u00e9rio Pavan (Dep. de Ci\u00eancias Biol\u00f3gicas \u2013 Unesp), Alzir Azevedo Batista (Dep. de Qu\u00edmica \u2013 UFSCar) e Eliana Aparecida Varanda (Dep. de Ci\u00eancias Biol\u00f3gicas \u2013 Unesp).<\/p>\n","protected":false},"excerpt":{"rendered":"<p>Segundo a Funda\u00e7\u00e3o do C\u00e2ncer, mais de 500 mil pessoas por ano no Brasil descobrem que t\u00eam algum tipo de tumor. Neste sentido, a produ\u00e7\u00e3o cient\u00edfica em busca de solu\u00e7\u00f5es tem se mostrado cada vez mais importante. Propor uma alternativa \u00fatil e eficaz \u00e9 o objetivo do estudo \u201cIn vitro evaluation of the cytogenotoxic potential [&hellip;]<\/p>\n","protected":false},"author":2,"featured_media":35093,"comment_status":"open","ping_status":"closed","sticky":false,"template":"","format":"standard","meta":{"tdm_status":"","tdm_grid_status":"","footnotes":""},"categories":[22,5],"tags":[],"class_list":{"0":"post-85374","1":"post","2":"type-post","3":"status-publish","4":"format-standard","5":"has-post-thumbnail","7":"category-brasil","8":"category-saude-e-vida"},"_links":{"self":[{"href":"https:\/\/migracao.redenoticia.com.br\/noticia\/wp-json\/wp\/v2\/posts\/85374","targetHints":{"allow":["GET"]}}],"collection":[{"href":"https:\/\/migracao.redenoticia.com.br\/noticia\/wp-json\/wp\/v2\/posts"}],"about":[{"href":"https:\/\/migracao.redenoticia.com.br\/noticia\/wp-json\/wp\/v2\/types\/post"}],"author":[{"embeddable":true,"href":"https:\/\/migracao.redenoticia.com.br\/noticia\/wp-json\/wp\/v2\/users\/2"}],"replies":[{"embeddable":true,"href":"https:\/\/migracao.redenoticia.com.br\/noticia\/wp-json\/wp\/v2\/comments?post=85374"}],"version-history":[{"count":0,"href":"https:\/\/migracao.redenoticia.com.br\/noticia\/wp-json\/wp\/v2\/posts\/85374\/revisions"}],"wp:featuredmedia":[{"embeddable":true,"href":"https:\/\/migracao.redenoticia.com.br\/noticia\/wp-json\/wp\/v2\/media\/35093"}],"wp:attachment":[{"href":"https:\/\/migracao.redenoticia.com.br\/noticia\/wp-json\/wp\/v2\/media?parent=85374"}],"wp:term":[{"taxonomy":"category","embeddable":true,"href":"https:\/\/migracao.redenoticia.com.br\/noticia\/wp-json\/wp\/v2\/categories?post=85374"},{"taxonomy":"post_tag","embeddable":true,"href":"https:\/\/migracao.redenoticia.com.br\/noticia\/wp-json\/wp\/v2\/tags?post=85374"}],"curies":[{"name":"wp","href":"https:\/\/api.w.org\/{rel}","templated":true}]}}