{"id":85376,"date":"2016-05-02T10:42:02","date_gmt":"2016-05-02T13:42:02","guid":{"rendered":"http:\/\/www.redenoticia.com.br\/noticia\/?p=85376"},"modified":"2016-04-29T18:53:18","modified_gmt":"2016-04-29T21:53:18","slug":"prazo-para-aditamento-de-contratos-do-fies-e-prorrogado-ate-31-de-maio","status":"publish","type":"post","link":"https:\/\/migracao.redenoticia.com.br\/noticia\/2016\/prazo-para-aditamento-de-contratos-do-fies-e-prorrogado-ate-31-de-maio\/85376","title":{"rendered":"Prazo para aditamento de contratos do Fies \u00e9 prorrogado at\u00e9 31 de maio"},"content":{"rendered":"<p> O prazo para aditamento da renova\u00e7\u00e3o dos contratos do Fundo de Financiamento Estudantil (<strong><em>Fies<\/em><\/strong>) referentes ao primeiro semestre deste ano foi estendido do dia 30 de abril para 31 de maio. Tamb\u00e9m foi prorrogado para a mesma data o prazo para a transfer\u00eancia integral de curso ou de institui\u00e7\u00e3o de ensino e tamb\u00e9m para solicitar dilata\u00e7\u00e3o do per\u00edodo de utiliza\u00e7\u00e3o do financiamento referente ao primeiro semestre de 2016.<\/p>\n<p>Os prazos est\u00e3o em portaria publicada no Di\u00e1rio Oficial da Uni\u00e3o. Os aditamentos devem ser feitos no Sistema Informatizado do Fies (SisFies) dispon\u00edveis nos sites do Minist\u00e9rio da Educa\u00e7\u00e3o (MEC) e do Fundo Nacional de Desenvolvimento da Educa\u00e7\u00e3o (FNDE).<\/p>\n<p> A portaria ainda prev\u00ea a libera\u00e7\u00e3o, at\u00e9 o dia 31 de maio, da realiza\u00e7\u00e3o do aditamento de suspens\u00e3o tempor\u00e1ria do prazo de uso do financiamento, referente ao segundo semestre de 2014 e ao primeiro e segundo semestres de 2015.<\/p>\n<p>Na \u00faltima quarta-feira (27), o ministro da Educa\u00e7\u00e3o, Aloizio Mercadante, anunciou que o Fies ter\u00e1 inscri\u00e7\u00f5es antecipadas e regras mais flex\u00edveis para ajudar a preencher todas as vagas ofertadas. As mudan\u00e7as ser\u00e3o implementadas no segundo semestre. No primeiro semestre, das 250 mil vagas com financiamento ofertadas, cerca da metade n\u00e3o foi preenchida. As inscri\u00e7\u00f5es estar\u00e3o abertas de 14 a 17 de junho.<\/p>\n<p>Entre as novas regras est\u00e3o a flexibiliza\u00e7\u00e3o da oferta de cursos priorit\u00e1rios. At\u00e9 o \u00faltimo processo seletivo, 70% das vagas eram ofertadas em sa\u00fade, engenharias e licenciaturas e pedagogia. Agora ser\u00e3o 60% para essas \u00e1reas. Outra mudan\u00e7a \u00e9 que as vagas que n\u00e3o forem preenchidas no processo seletivo regular ser\u00e3o ofertadas novamente, com prazo espec\u00edfico para alunos inscritos que n\u00e3o foram aprovados.<\/p>\n<p>O Minist\u00e9rio da Educa\u00e7\u00e3o mant\u00e9m a exig\u00eancia de o estudante tirar pelo menos 450 pontos no Exame Nacional do Ensino M\u00e9dio (Enem) para concorrer \u00e0s vagas e de renda familiar de at\u00e9 2,5 sal\u00e1rios m\u00ednimos por pessoa.<\/p>\n<p>Yara Aquino &#8211; Rep\u00f3rter da Ag\u00eancia Brasil<br \/>\nEdi\u00e7\u00e3o: Juliana Andrade<br \/>\n02\/05\/2016<\/p>\n","protected":false},"excerpt":{"rendered":"<p>O prazo para aditamento da renova\u00e7\u00e3o dos contratos do Fundo de Financiamento Estudantil (Fies) referentes ao primeiro semestre deste ano foi estendido do dia 30 de abril para 31 de maio. Tamb\u00e9m foi prorrogado para a mesma data o prazo para a transfer\u00eancia integral de curso ou de institui\u00e7\u00e3o de ensino e tamb\u00e9m para solicitar [&hellip;]<\/p>\n","protected":false},"author":2,"featured_media":26465,"comment_status":"open","ping_status":"closed","sticky":false,"template":"","format":"standard","meta":{"tdm_status":"","tdm_grid_status":"","footnotes":""},"categories":[22,370,295],"tags":[],"class_list":{"0":"post-85376","1":"post","2":"type-post","3":"status-publish","4":"format-standard","5":"has-post-thumbnail","7":"category-brasil","8":"category-inscricao","9":"category-vestibular"},"_links":{"self":[{"href":"https:\/\/migracao.redenoticia.com.br\/noticia\/wp-json\/wp\/v2\/posts\/85376","targetHints":{"allow":["GET"]}}],"collection":[{"href":"https:\/\/migracao.redenoticia.com.br\/noticia\/wp-json\/wp\/v2\/posts"}],"about":[{"href":"https:\/\/migracao.redenoticia.com.br\/noticia\/wp-json\/wp\/v2\/types\/post"}],"author":[{"embeddable":true,"href":"https:\/\/migracao.redenoticia.com.br\/noticia\/wp-json\/wp\/v2\/users\/2"}],"replies":[{"embeddable":true,"href":"https:\/\/migracao.redenoticia.com.br\/noticia\/wp-json\/wp\/v2\/comments?post=85376"}],"version-history":[{"count":0,"href":"https:\/\/migracao.redenoticia.com.br\/noticia\/wp-json\/wp\/v2\/posts\/85376\/revisions"}],"wp:featuredmedia":[{"embeddable":true,"href":"https:\/\/migracao.redenoticia.com.br\/noticia\/wp-json\/wp\/v2\/media\/26465"}],"wp:attachment":[{"href":"https:\/\/migracao.redenoticia.com.br\/noticia\/wp-json\/wp\/v2\/media?parent=85376"}],"wp:term":[{"taxonomy":"category","embeddable":true,"href":"https:\/\/migracao.redenoticia.com.br\/noticia\/wp-json\/wp\/v2\/categories?post=85376"},{"taxonomy":"post_tag","embeddable":true,"href":"https:\/\/migracao.redenoticia.com.br\/noticia\/wp-json\/wp\/v2\/tags?post=85376"}],"curies":[{"name":"wp","href":"https:\/\/api.w.org\/{rel}","templated":true}]}}