{"id":85380,"date":"2016-05-02T10:45:46","date_gmt":"2016-05-02T13:45:46","guid":{"rendered":"http:\/\/www.redenoticia.com.br\/noticia\/?p=85380"},"modified":"2016-04-29T18:57:20","modified_gmt":"2016-04-29T21:57:20","slug":"correios-tiveram-prejuizo-de-r-21-bilhoes-em-2015","status":"publish","type":"post","link":"https:\/\/migracao.redenoticia.com.br\/noticia\/2016\/correios-tiveram-prejuizo-de-r-21-bilhoes-em-2015\/85380","title":{"rendered":"Correios tiveram preju\u00edzo de R$ 2,1 bilh\u00f5es em 2015"},"content":{"rendered":"<p> Os <strong><em>Correios<\/em><\/strong> fecharam 2015 com um preju\u00edzo de R$2,1 bilh\u00f5es no or\u00e7amento. A receita l\u00edquida de vendas da estatal cresceu 6,75% em compara\u00e7\u00e3o com o ano anterior, enquanto as despesas aumentaram 18,5%. Entre os motivos para o resultado, segundo a empresa, est\u00e1 a defasagem no valor das tarifas postais. O reajuste de 8,89% nas tarifas foi autorizado apenas em dezembro pelo Minist\u00e9rio da Fazenda. Outra justificativa dos Correios para o resultado do ano passado \u00e9 que foi alocado um total de R$ 1,3 bilh\u00e3o em benef\u00edcios p\u00f3s-emprego, para garantir sa\u00fade e previd\u00eancia aos trabalhadores aposentados.<\/p>\n<p>As contas de 2015 dos Correios foram aprovadas pelo Conselho de Administra\u00e7\u00e3o da empresa e ainda passar\u00e3o pela an\u00e1lise da Assembleia Geral Ordin\u00e1ria antes da sua publica\u00e7\u00e3o.<\/p>\n<p>Recentemente, os Correios t\u00eam adotado medidas para buscar o equil\u00edbrio financeiro, em especial de redu\u00e7\u00e3o de despesas, como o fechamento de ag\u00eancias aos s\u00e1bados. A empresa tamb\u00e9m vem diversificando sua atua\u00e7\u00e3o, com o objetivo de aumentar as receitas ainda em 2016.<\/p>\n<p>\u201cA dire\u00e7\u00e3o dos Correios est\u00e1 empenhada em alcan\u00e7ar a sustentabilidade da empresa, refor\u00e7ando o compromisso e o engajamento nas a\u00e7\u00f5es de redu\u00e7\u00e3o de despesas e de aumento de receitas em curso\u201d, disse a empresa, em nota.<\/p>\n<p>No primeiro trimestre de 2016, as despesas dos Correios aumentaram 8,4%, abaixo do valor registrado no mesmo per\u00edodo de 2015.<\/p>\n<p>Sabrina Craide &#8211; Rep\u00f3rter da Ag\u00eancia Brasil<br \/>\nEdi\u00e7\u00e3o: Luana Louren\u00e7o<br \/>\n02\/05\/2016<\/p>\n","protected":false},"excerpt":{"rendered":"<p>Os Correios fecharam 2015 com um preju\u00edzo de R$2,1 bilh\u00f5es no or\u00e7amento. A receita l\u00edquida de vendas da estatal cresceu 6,75% em compara\u00e7\u00e3o com o ano anterior, enquanto as despesas aumentaram 18,5%. Entre os motivos para o resultado, segundo a empresa, est\u00e1 a defasagem no valor das tarifas postais. O reajuste de 8,89% nas tarifas [&hellip;]<\/p>\n","protected":false},"author":2,"featured_media":57585,"comment_status":"open","ping_status":"closed","sticky":false,"template":"","format":"standard","meta":{"tdm_status":"","tdm_grid_status":"","footnotes":""},"categories":[22,7],"tags":[],"class_list":{"0":"post-85380","1":"post","2":"type-post","3":"status-publish","4":"format-standard","5":"has-post-thumbnail","7":"category-brasil","8":"category-economia"},"_links":{"self":[{"href":"https:\/\/migracao.redenoticia.com.br\/noticia\/wp-json\/wp\/v2\/posts\/85380","targetHints":{"allow":["GET"]}}],"collection":[{"href":"https:\/\/migracao.redenoticia.com.br\/noticia\/wp-json\/wp\/v2\/posts"}],"about":[{"href":"https:\/\/migracao.redenoticia.com.br\/noticia\/wp-json\/wp\/v2\/types\/post"}],"author":[{"embeddable":true,"href":"https:\/\/migracao.redenoticia.com.br\/noticia\/wp-json\/wp\/v2\/users\/2"}],"replies":[{"embeddable":true,"href":"https:\/\/migracao.redenoticia.com.br\/noticia\/wp-json\/wp\/v2\/comments?post=85380"}],"version-history":[{"count":0,"href":"https:\/\/migracao.redenoticia.com.br\/noticia\/wp-json\/wp\/v2\/posts\/85380\/revisions"}],"wp:featuredmedia":[{"embeddable":true,"href":"https:\/\/migracao.redenoticia.com.br\/noticia\/wp-json\/wp\/v2\/media\/57585"}],"wp:attachment":[{"href":"https:\/\/migracao.redenoticia.com.br\/noticia\/wp-json\/wp\/v2\/media?parent=85380"}],"wp:term":[{"taxonomy":"category","embeddable":true,"href":"https:\/\/migracao.redenoticia.com.br\/noticia\/wp-json\/wp\/v2\/categories?post=85380"},{"taxonomy":"post_tag","embeddable":true,"href":"https:\/\/migracao.redenoticia.com.br\/noticia\/wp-json\/wp\/v2\/tags?post=85380"}],"curies":[{"name":"wp","href":"https:\/\/api.w.org\/{rel}","templated":true}]}}