{"id":8539,"date":"2009-08-13T15:18:41","date_gmt":"2009-08-13T19:18:41","guid":{"rendered":"http:\/\/www.redenoticia.com.br\/noticia\/?p=8539"},"modified":"2009-08-13T15:18:41","modified_gmt":"2009-08-13T19:18:41","slug":"15-de-agosto-e-dia-de-vacinacao-contra-a-raiva-no-instituto-butantan","status":"publish","type":"post","link":"https:\/\/migracao.redenoticia.com.br\/noticia\/2009\/15-de-agosto-e-dia-de-vacinacao-contra-a-raiva-no-instituto-butantan\/8539","title":{"rendered":"15 de agosto \u00e9 dia de vacina\u00e7\u00e3o contra a raiva no Instituto Butantan"},"content":{"rendered":"<p>O Instituto Butantan, \u00f3rg\u00e3o da Secretaria de Estado da Sa\u00fade de S\u00e3o Paulo em conjunto com a Prefeitura de S\u00e3o Paulo realizar\u00e3o no pr\u00f3ximo s\u00e1bado, dia 15 de agosto, a vacina\u00e7\u00e3o contra raiva no parque do Butantan. No local haver\u00e1 um stand ao lado do Museu biol\u00f3gico, para imuniza\u00e7\u00e3o gratuita de c\u00e3es e gatos.<\/p>\n<p>Em 2008 o Butantan investiu na infra estrutura do parque, incluindo itens para os pets, como bebedouros; al\u00e9m de\u00a0<em>stop dog<\/em>, ou estacionamento de cachorros, espalhados em locais estrat\u00e9gicos pelo Instituto. Al\u00e9m disso, tamb\u00e9m adotou a campanha Educa C\u00e3o, que permite a entrada dos animais no parque, mas orienta e exige regras aos donos, como o recolhimento de fezes para preven\u00e7\u00e3o de doen\u00e7as e a utiliza\u00e7\u00e3o da coleira guia.<\/p>\n<p>O Instituto Butantan produz a vacina contra raiva humana, considerada hoje a melhor do mundo. E pretende combin\u00e1-la com a vacina contra leishmaniose canina, transformando-as em um \u00fanico produto: a vacina contra leishmaniose e raiva-canina, que ser\u00e1 dupla para uso canino. A leishmaniose cut\u00e2nea, muco-cut\u00e2nea e visceral afeta cerca de dois milh\u00f5es de pessoas no mundo, sendo transmitida sobretudo por insetos que picam c\u00e3es infectados, \u00e9 considerada pela Organiza\u00e7\u00e3o Mundial de Sa\u00fade (OMS) uma das seis maiores endemias do planeta.<\/p>\n<p>O evento acontecer\u00e1 das 08h00 \u00e0s 17h00 ao lado do Museu Biol\u00f3gico. O Instituto Butantan fica na Avenida Vital Brasil, 1500, Butant\u00e3, Zona Oeste da capital.<\/p>\n","protected":false},"excerpt":{"rendered":"<p>O Instituto Butantan, \u00f3rg\u00e3o da Secretaria de Estado da Sa\u00fade de S\u00e3o Paulo em conjunto com a Prefeitura de S\u00e3o Paulo realizar\u00e3o no pr\u00f3ximo s\u00e1bado, dia 15 de agosto, a vacina\u00e7\u00e3o contra raiva no parque do Butantan. No local haver\u00e1 um stand ao lado do Museu biol\u00f3gico, para imuniza\u00e7\u00e3o gratuita de c\u00e3es e gatos. Em [&hellip;]<\/p>\n","protected":false},"author":2,"featured_media":0,"comment_status":"open","ping_status":"open","sticky":false,"template":"","format":"standard","meta":{"tdm_status":"","tdm_grid_status":"","footnotes":""},"categories":[22,5],"tags":[],"class_list":{"0":"post-8539","1":"post","2":"type-post","3":"status-publish","4":"format-standard","6":"category-brasil","7":"category-saude-e-vida"},"_links":{"self":[{"href":"https:\/\/migracao.redenoticia.com.br\/noticia\/wp-json\/wp\/v2\/posts\/8539","targetHints":{"allow":["GET"]}}],"collection":[{"href":"https:\/\/migracao.redenoticia.com.br\/noticia\/wp-json\/wp\/v2\/posts"}],"about":[{"href":"https:\/\/migracao.redenoticia.com.br\/noticia\/wp-json\/wp\/v2\/types\/post"}],"author":[{"embeddable":true,"href":"https:\/\/migracao.redenoticia.com.br\/noticia\/wp-json\/wp\/v2\/users\/2"}],"replies":[{"embeddable":true,"href":"https:\/\/migracao.redenoticia.com.br\/noticia\/wp-json\/wp\/v2\/comments?post=8539"}],"version-history":[{"count":0,"href":"https:\/\/migracao.redenoticia.com.br\/noticia\/wp-json\/wp\/v2\/posts\/8539\/revisions"}],"wp:attachment":[{"href":"https:\/\/migracao.redenoticia.com.br\/noticia\/wp-json\/wp\/v2\/media?parent=8539"}],"wp:term":[{"taxonomy":"category","embeddable":true,"href":"https:\/\/migracao.redenoticia.com.br\/noticia\/wp-json\/wp\/v2\/categories?post=8539"},{"taxonomy":"post_tag","embeddable":true,"href":"https:\/\/migracao.redenoticia.com.br\/noticia\/wp-json\/wp\/v2\/tags?post=8539"}],"curies":[{"name":"wp","href":"https:\/\/api.w.org\/{rel}","templated":true}]}}