{"id":85402,"date":"2016-04-30T13:20:29","date_gmt":"2016-04-30T16:20:29","guid":{"rendered":"http:\/\/www.redenoticia.com.br\/noticia\/?p=85402"},"modified":"2016-04-30T13:20:29","modified_gmt":"2016-04-30T16:20:29","slug":"novela-malhacao-resumo-0205-tito-confronta-samurai","status":"publish","type":"post","link":"https:\/\/migracao.redenoticia.com.br\/noticia\/2016\/novela-malhacao-resumo-0205-tito-confronta-samurai\/85402","title":{"rendered":"Novela \u201cMalha\u00e7\u00e3o\u201d resumo 02\/05: Tito confronta Samurai"},"content":{"rendered":"<p> <img loading=\"lazy\" decoding=\"async\" src=\"https:\/\/migracao.redenoticia.com.br\/noticia\/imagens\/malhacao_seu_lugar_no_mundo-150x112.jpg\" alt=\"malhacao_seu_lugar_no_mundo\" width=\"150\" height=\"112\" class=\"alignleft size-thumbnail wp-image-72511\" srcset=\"https:\/\/migracao.redenoticia.com.br\/noticia\/imagens\/malhacao_seu_lugar_no_mundo-150x112.jpg 150w, https:\/\/migracao.redenoticia.com.br\/noticia\/imagens\/malhacao_seu_lugar_no_mundo-265x198.jpg 265w\" sizes=\"auto, (max-width: 150px) 100vw, 150px\" \/><strong><em>Novela \u201cMalha\u00e7\u00e3o\u201d resumo 02\/05 <\/em><\/strong>: Luciana conta para Tito que Pedro apareceu e disse que a sua fam\u00edlia corre perigo se ele voltar para casa. Tito procura Ci\u00e7a e pergunta se ela sabe de quem Pedro foge. Ci\u00e7a diz que \u00e9 de Samurai. Ent\u00e3o, ele vai \u00e0 loja de Samurai e conta que Pedro apareceu. Samurai fica tenso e Tito nota. Ele diz que ficou um pouco surpreso. Tito conta que Luciana encontrou Pedro, e que seu irm\u00e3o disse que est\u00e1 fugindo de algu\u00e9m. Tito pergunta se ele sabe quem est\u00e1 obrigando Pedro a tomar essa atitude. Samurai desconversa, mas fica bolado ao saber que Ci\u00e7a falou que ele est\u00e1 envolvido no sumi\u00e7o do Pedro. Ele decide tirar satisfa\u00e7\u00e3o. <\/p>\n<p>No capitulo 184(*), novela \u201cMalha\u00e7\u00e3o\u201d, segunda-feira, 02 de maio \u2013 Luciana tem a ideia de fazer um evento com aulas abertas com professores dos col\u00e9gios Leal Brazil e do Dom Fern\u00e3o. Nanda provoca J\u00e9ssica ao ver uma foto de Luan com Thayn\u00e1. <\/p>\n<p>Eneida, Rubem e Monique reclamam com Menelau sobre os sal\u00e1rios atrasados. Tito confronta Samurai sobre o afastamento de Pedro. Vera pede para integrar a banda de Beto e L\u00edvia se incomoda. Samurai amea\u00e7a Ci\u00e7a. Miguel decide procurar Tito para falar sobre Jo\u00e3o. <\/p>\n<p>Rodrigo tenta beijar Luciana, e Fl\u00e1via os interrompe. Samurai questiona Luciana sobre o encontro com Pedro.  <\/p>\n<p>(*) edi\u00e7\u00e3o da Rede Globo, Novela \u201cMalha\u00e7\u00e3o\u201d, sujeito a altera\u00e7\u00e3o de data e conte\u00fado.<\/p>\n","protected":false},"excerpt":{"rendered":"<p>Novela \u201cMalha\u00e7\u00e3o\u201d resumo 02\/05 : Luciana conta para Tito que Pedro apareceu e disse que a sua fam\u00edlia corre perigo se ele voltar para casa. Tito procura Ci\u00e7a e pergunta se ela sabe de quem Pedro foge. Ci\u00e7a diz que \u00e9 de Samurai. Ent\u00e3o, ele vai \u00e0 loja de Samurai e conta que Pedro apareceu. [&hellip;]<\/p>\n","protected":false},"author":2,"featured_media":72511,"comment_status":"open","ping_status":"closed","sticky":false,"template":"","format":"standard","meta":{"tdm_status":"","tdm_grid_status":"","footnotes":""},"categories":[379,375,343],"tags":[441],"class_list":{"0":"post-85402","1":"post","2":"type-post","3":"status-publish","4":"format-standard","5":"has-post-thumbnail","7":"category-novelas","8":"category-rede-globo","9":"category-televisao","10":"tag-resumo-do-dia"},"_links":{"self":[{"href":"https:\/\/migracao.redenoticia.com.br\/noticia\/wp-json\/wp\/v2\/posts\/85402","targetHints":{"allow":["GET"]}}],"collection":[{"href":"https:\/\/migracao.redenoticia.com.br\/noticia\/wp-json\/wp\/v2\/posts"}],"about":[{"href":"https:\/\/migracao.redenoticia.com.br\/noticia\/wp-json\/wp\/v2\/types\/post"}],"author":[{"embeddable":true,"href":"https:\/\/migracao.redenoticia.com.br\/noticia\/wp-json\/wp\/v2\/users\/2"}],"replies":[{"embeddable":true,"href":"https:\/\/migracao.redenoticia.com.br\/noticia\/wp-json\/wp\/v2\/comments?post=85402"}],"version-history":[{"count":0,"href":"https:\/\/migracao.redenoticia.com.br\/noticia\/wp-json\/wp\/v2\/posts\/85402\/revisions"}],"wp:featuredmedia":[{"embeddable":true,"href":"https:\/\/migracao.redenoticia.com.br\/noticia\/wp-json\/wp\/v2\/media\/72511"}],"wp:attachment":[{"href":"https:\/\/migracao.redenoticia.com.br\/noticia\/wp-json\/wp\/v2\/media?parent=85402"}],"wp:term":[{"taxonomy":"category","embeddable":true,"href":"https:\/\/migracao.redenoticia.com.br\/noticia\/wp-json\/wp\/v2\/categories?post=85402"},{"taxonomy":"post_tag","embeddable":true,"href":"https:\/\/migracao.redenoticia.com.br\/noticia\/wp-json\/wp\/v2\/tags?post=85402"}],"curies":[{"name":"wp","href":"https:\/\/api.w.org\/{rel}","templated":true}]}}