{"id":85404,"date":"2016-04-30T18:21:27","date_gmt":"2016-04-30T21:21:27","guid":{"rendered":"http:\/\/www.redenoticia.com.br\/noticia\/?p=85404"},"modified":"2016-04-30T13:24:32","modified_gmt":"2016-04-30T16:24:32","slug":"novela-eta-mundo-bom-resumo-0205-anastacia-negocia-o-resgate-do-burro","status":"publish","type":"post","link":"https:\/\/migracao.redenoticia.com.br\/noticia\/2016\/novela-eta-mundo-bom-resumo-0205-anastacia-negocia-o-resgate-do-burro\/85404","title":{"rendered":"Novela \u201cEta Mundo Bom\u201d resumo 02\/05: Anast\u00e1cia negocia o resgate do burro"},"content":{"rendered":"<p> <img loading=\"lazy\" decoding=\"async\" class=\"alignleft size-thumbnail wp-image-82131\" src=\"https:\/\/migracao.redenoticia.com.br\/noticia\/imagens\/eta_mundo_bom_globo_novela_resumo-150x112.jpg\" alt=\"eta_mundo_bom_globo_novela_resumo\" width=\"150\" height=\"112\" srcset=\"https:\/\/migracao.redenoticia.com.br\/noticia\/imagens\/eta_mundo_bom_globo_novela_resumo-150x112.jpg 150w, https:\/\/migracao.redenoticia.com.br\/noticia\/imagens\/eta_mundo_bom_globo_novela_resumo-265x198.jpg 265w\" sizes=\"auto, (max-width: 150px) 100vw, 150px\" \/><strong><em>Novela \u201cEta Mundo Bom\u201d resumo 02\/05<\/em><\/strong>: Celso prometeu a Maria que traria Jack de volta e o fez. Ela conversa com o detetive e os dois acreditam saber quem orquestrou o rapto de Policarpo. Maria afirma que a pessoa respons\u00e1vel pelo crime est\u00e1 na casa de Anast\u00e1cia. Enquanto isso, Anast\u00e1cia negocia o resgate do burro e  Ernesto confidencia a Cara de C\u00e3o que pretende tirar Candinho de seu caminho.<\/p>\n<p>No capitulo 091(*), novela \u201cEta Mundo Bom\u201d, segunda-feira, 02 de maio \u2013 Maria afirma que a pessoa respons\u00e1vel pelo rapto de Policarpo est\u00e1 na casa de Anast\u00e1cia. Anast\u00e1cia negocia o resgate de Policarpo. Filomena escreve uma carta para seus pais. <\/p>\n<p>Eponina conhece Alcides. Romeu pretende se vingar de Paulina por lhe vender uma joia falsa e Vermelho afirma que pode ajudar o rapaz. Ernesto confidencia a Cara de C\u00e3o que planeja tirar Candinho de seu caminho. Alcides amea\u00e7a atear fogo \u00e0 fazenda de Cunegundes. <\/p>\n<p>Pancr\u00e1cio engana o bando de Ernesto, que sequestra Jack no lugar de Candinho. Candinho \u00e9 rude com Filomena. <\/p>\n<p>(*) edi\u00e7\u00e3o da Rede Globo, Novela \u201cEta Mundo Bom\u201d, sujeito a altera\u00e7\u00e3o de data e conte\u00fado.<\/p>\n","protected":false},"excerpt":{"rendered":"<p>Novela \u201cEta Mundo Bom\u201d resumo 02\/05: Celso prometeu a Maria que traria Jack de volta e o fez. Ela conversa com o detetive e os dois acreditam saber quem orquestrou o rapto de Policarpo. Maria afirma que a pessoa respons\u00e1vel pelo crime est\u00e1 na casa de Anast\u00e1cia. Enquanto isso, Anast\u00e1cia negocia o resgate do burro [&hellip;]<\/p>\n","protected":false},"author":2,"featured_media":79934,"comment_status":"open","ping_status":"closed","sticky":false,"template":"","format":"standard","meta":{"tdm_status":"","tdm_grid_status":"","footnotes":""},"categories":[379,375,343],"tags":[441],"class_list":{"0":"post-85404","1":"post","2":"type-post","3":"status-publish","4":"format-standard","5":"has-post-thumbnail","7":"category-novelas","8":"category-rede-globo","9":"category-televisao","10":"tag-resumo-do-dia"},"_links":{"self":[{"href":"https:\/\/migracao.redenoticia.com.br\/noticia\/wp-json\/wp\/v2\/posts\/85404","targetHints":{"allow":["GET"]}}],"collection":[{"href":"https:\/\/migracao.redenoticia.com.br\/noticia\/wp-json\/wp\/v2\/posts"}],"about":[{"href":"https:\/\/migracao.redenoticia.com.br\/noticia\/wp-json\/wp\/v2\/types\/post"}],"author":[{"embeddable":true,"href":"https:\/\/migracao.redenoticia.com.br\/noticia\/wp-json\/wp\/v2\/users\/2"}],"replies":[{"embeddable":true,"href":"https:\/\/migracao.redenoticia.com.br\/noticia\/wp-json\/wp\/v2\/comments?post=85404"}],"version-history":[{"count":0,"href":"https:\/\/migracao.redenoticia.com.br\/noticia\/wp-json\/wp\/v2\/posts\/85404\/revisions"}],"wp:featuredmedia":[{"embeddable":true,"href":"https:\/\/migracao.redenoticia.com.br\/noticia\/wp-json\/wp\/v2\/media\/79934"}],"wp:attachment":[{"href":"https:\/\/migracao.redenoticia.com.br\/noticia\/wp-json\/wp\/v2\/media?parent=85404"}],"wp:term":[{"taxonomy":"category","embeddable":true,"href":"https:\/\/migracao.redenoticia.com.br\/noticia\/wp-json\/wp\/v2\/categories?post=85404"},{"taxonomy":"post_tag","embeddable":true,"href":"https:\/\/migracao.redenoticia.com.br\/noticia\/wp-json\/wp\/v2\/tags?post=85404"}],"curies":[{"name":"wp","href":"https:\/\/api.w.org\/{rel}","templated":true}]}}