{"id":85408,"date":"2016-04-30T20:38:57","date_gmt":"2016-04-30T23:38:57","guid":{"rendered":"http:\/\/www.redenoticia.com.br\/noticia\/?p=85408"},"modified":"2016-04-30T13:42:16","modified_gmt":"2016-04-30T16:42:16","slug":"novela-velho-chico-resumo-0205-encarnacao-sonha-com-o-retorno-do-neto","status":"publish","type":"post","link":"https:\/\/migracao.redenoticia.com.br\/noticia\/2016\/novela-velho-chico-resumo-0205-encarnacao-sonha-com-o-retorno-do-neto\/85408","title":{"rendered":"Novela \u201cVelho Chico\u201d resumo 02\/05: Encarna\u00e7\u00e3o sonha com o retorno do neto"},"content":{"rendered":"<p> <img loading=\"lazy\" decoding=\"async\" class=\"alignleft size-thumbnail wp-image-82169\" src=\"https:\/\/migracao.redenoticia.com.br\/noticia\/imagens\/velho_chico_novela_resumo_globo-150x112.jpg\" alt=\"velho_chico_novela_resumo_globo\" width=\"150\" height=\"112\" srcset=\"https:\/\/migracao.redenoticia.com.br\/noticia\/imagens\/velho_chico_novela_resumo_globo-150x112.jpg 150w, https:\/\/migracao.redenoticia.com.br\/noticia\/imagens\/velho_chico_novela_resumo_globo-265x198.jpg 265w\" sizes=\"auto, (max-width: 150px) 100vw, 150px\" \/><strong><em>Novela \u201cVelho Chico\u201d resumo 02\/05<\/em><\/strong>: ap\u00f3s brigar com seu pai, Martim saiu em viagem pelo mundo. Encarna\u00e7\u00e3o n\u00e3o se conforma com a aus\u00eancia do neto e com a falta de not\u00edcias. Ela afirma que s\u00f3 vai deixar essa vida quando o neto voltar. Certa noite, Encarna\u00e7\u00e3o sonha com o retorno do neto e avisa Doninha que Martim est\u00e1 voltando para casa. Neste mesmo instante, Martim chega a Grotas de S\u00e3o Francisco. S\u00f3 que, antes de ir para a fazenda do Saru\u00ea, ele procura as terras dos pais de sua m\u00e3e Leonor.<\/p>\n<p>No capitulo 043 (*), novela \u201cVelho Chico\u201d, segunda-feira, 02 de maio \u2013 Encarna\u00e7\u00e3o confessa a Miguel que espera por Martim para finalmente descansar. Doninha lamenta o sofrimento de C\u00edcero por Tereza. Luzia teme a falta de not\u00edcias de Santo. Santo amarga seu amor por Tereza. <\/p>\n<p>Embriagado, Afr\u00e2nio reafirma seu amor por Iolanda e agradece Carlos Eduardo por estar sempre ao seu lado. Tereza fala de Santo com Iolanda. Carlos Eduardo sente ci\u00fames de C\u00edcero. <\/p>\n<p>Martim procura as terras de Leonor. Encarna\u00e7\u00e3o conta a Doninha que sonhou com Martim. Luzia confidencia a Piedade que acredita que Santo foi atr\u00e1s de Tereza. <\/p>\n<p>(*) edi\u00e7\u00e3o da Rede Globo, Novela \u201cVelho Chico\u201d, sujeito a altera\u00e7\u00e3o de data e conte\u00fado.<\/p>\n","protected":false},"excerpt":{"rendered":"<p>Novela \u201cVelho Chico\u201d resumo 02\/05: ap\u00f3s brigar com seu pai, Martim saiu em viagem pelo mundo. Encarna\u00e7\u00e3o n\u00e3o se conforma com a aus\u00eancia do neto e com a falta de not\u00edcias. Ela afirma que s\u00f3 vai deixar essa vida quando o neto voltar. Certa noite, Encarna\u00e7\u00e3o sonha com o retorno do neto e avisa Doninha [&hellip;]<\/p>\n","protected":false},"author":2,"featured_media":82169,"comment_status":"open","ping_status":"closed","sticky":false,"template":"","format":"standard","meta":{"tdm_status":"","tdm_grid_status":"","footnotes":""},"categories":[379,375,343],"tags":[441],"class_list":{"0":"post-85408","1":"post","2":"type-post","3":"status-publish","4":"format-standard","5":"has-post-thumbnail","7":"category-novelas","8":"category-rede-globo","9":"category-televisao","10":"tag-resumo-do-dia"},"_links":{"self":[{"href":"https:\/\/migracao.redenoticia.com.br\/noticia\/wp-json\/wp\/v2\/posts\/85408","targetHints":{"allow":["GET"]}}],"collection":[{"href":"https:\/\/migracao.redenoticia.com.br\/noticia\/wp-json\/wp\/v2\/posts"}],"about":[{"href":"https:\/\/migracao.redenoticia.com.br\/noticia\/wp-json\/wp\/v2\/types\/post"}],"author":[{"embeddable":true,"href":"https:\/\/migracao.redenoticia.com.br\/noticia\/wp-json\/wp\/v2\/users\/2"}],"replies":[{"embeddable":true,"href":"https:\/\/migracao.redenoticia.com.br\/noticia\/wp-json\/wp\/v2\/comments?post=85408"}],"version-history":[{"count":0,"href":"https:\/\/migracao.redenoticia.com.br\/noticia\/wp-json\/wp\/v2\/posts\/85408\/revisions"}],"wp:featuredmedia":[{"embeddable":true,"href":"https:\/\/migracao.redenoticia.com.br\/noticia\/wp-json\/wp\/v2\/media\/82169"}],"wp:attachment":[{"href":"https:\/\/migracao.redenoticia.com.br\/noticia\/wp-json\/wp\/v2\/media?parent=85408"}],"wp:term":[{"taxonomy":"category","embeddable":true,"href":"https:\/\/migracao.redenoticia.com.br\/noticia\/wp-json\/wp\/v2\/categories?post=85408"},{"taxonomy":"post_tag","embeddable":true,"href":"https:\/\/migracao.redenoticia.com.br\/noticia\/wp-json\/wp\/v2\/tags?post=85408"}],"curies":[{"name":"wp","href":"https:\/\/api.w.org\/{rel}","templated":true}]}}