{"id":8542,"date":"2009-08-13T15:23:54","date_gmt":"2009-08-13T19:23:54","guid":{"rendered":"http:\/\/www.redenoticia.com.br\/noticia\/?p=8542"},"modified":"2009-08-13T15:23:54","modified_gmt":"2009-08-13T19:23:54","slug":"porto-velho-rondonia-promove-a-4%c2%aa-corrida-de-voadeiras","status":"publish","type":"post","link":"https:\/\/migracao.redenoticia.com.br\/noticia\/2009\/porto-velho-rondonia-promove-a-4%c2%aa-corrida-de-voadeiras\/8542","title":{"rendered":"Porto Velho (Rond\u00f4nia) promove a 4\u00aa Corrida de Voadeiras"},"content":{"rendered":"<p>A 4\u00aa Corrida de Voadeiras promovida pela Prefeitura de Porto Velho acontece nos dias 29 e 30 de agosto, no Porto Cai n\u2019\u00c1gua. Conforme o secret\u00e1rio municipal de Esportes, Marinho Melo, respons\u00e1vel pela organiza\u00e7\u00e3o do<\/p>\n<figure id=\"attachment_8543\" aria-describedby=\"caption-attachment-8543\" style=\"width: 250px\" class=\"wp-caption alignleft\"><a><img loading=\"lazy\" decoding=\"async\" class=\"size-medium wp-image-8543\" title=\"voadeira  ve\u00edculos 1.\" src=\"https:\/\/migracao.redenoticia.com.br\/noticia\/imagens\/\/voadeira-ve\u00edculos-1.-250x167.jpg\" alt=\"Voadeiras prontas para a corrida\" width=\"250\" height=\"167\" \/><\/a><figcaption id=\"caption-attachment-8543\" class=\"wp-caption-text\">Voadeiras prontas para a corrida<\/figcaption><\/figure>\n<p>evento, a expectativa \u00e9 superar a quantidade de participantes do ano passado, que contou com 120 atletas. As inscri\u00e7\u00f5es na capital e nos distritos encerram-se no pr\u00f3ximo dia 21.<\/p>\n<p>\u201cEstamos preparando uma grande estrutura, pois tamb\u00e9m pretendemos superar a quantidade de p\u00fablico que ir\u00e1 prestigiar a competi\u00e7\u00e3o\u201d, disse Marinho Melo. Ele informa que ser\u00e1 montado um grande palco para as atra\u00e7\u00f5es musicais que animar\u00e3o o evento. A Secretaria Municipal de Esportes (Semes) vai colocar \u00e0 disposi\u00e7\u00e3o dos expectadores toda estrutura da Rua de Lazer, com atividades esportivas e recreativas.<\/p>\n<p>Outra preocupa\u00e7\u00e3o da Prefeitura \u00e9 com a seguran\u00e7a. A Semes firmou parceria com a Delegacia Fluvial e Corpo de Bombeiros. Equipes de resgate e ambul\u00e2ncias ficar\u00e3o de prontid\u00e3o para atuar, caso seja necess\u00e1rio. Uma das principais exig\u00eancias aos competidores, como ocorreu nos anos anteriores, \u00e9 a utiliza\u00e7\u00e3o de coletes salva vidas.<\/p>\n<p>Para atender aos atletas que moram nas comunidades ribeirinhas, a Prefeitura conta com um barco que vaia transport\u00e1-los at\u00e9 a capital junto com os equipamentos necess\u00e1rios para a corrida. Eles ter\u00e3o direito a alojamento e alimenta\u00e7\u00e3o no pr\u00f3prio barco e ainda ganham revis\u00e3o gr\u00e1tis no motor que vai competir. \u201cEssa corrida j\u00e1 \u00e9 a segunda maior do Brasil, s\u00f3 perde para Cruzeiro do Sul, no Acre\u201d, afirma Marinho Melo.<\/p>\n","protected":false},"excerpt":{"rendered":"<p>A 4\u00aa Corrida de Voadeiras promovida pela Prefeitura de Porto Velho acontece nos dias 29 e 30 de agosto, no Porto Cai n\u2019\u00c1gua. Conforme o secret\u00e1rio municipal de Esportes, Marinho Melo, respons\u00e1vel pela organiza\u00e7\u00e3o do evento, a expectativa \u00e9 superar a quantidade de participantes do ano passado, que contou com 120 atletas. As inscri\u00e7\u00f5es na [&hellip;]<\/p>\n","protected":false},"author":2,"featured_media":0,"comment_status":"open","ping_status":"open","sticky":false,"template":"","format":"standard","meta":{"tdm_status":"","tdm_grid_status":"","footnotes":""},"categories":[22],"tags":[],"class_list":{"0":"post-8542","1":"post","2":"type-post","3":"status-publish","4":"format-standard","6":"category-brasil"},"_links":{"self":[{"href":"https:\/\/migracao.redenoticia.com.br\/noticia\/wp-json\/wp\/v2\/posts\/8542","targetHints":{"allow":["GET"]}}],"collection":[{"href":"https:\/\/migracao.redenoticia.com.br\/noticia\/wp-json\/wp\/v2\/posts"}],"about":[{"href":"https:\/\/migracao.redenoticia.com.br\/noticia\/wp-json\/wp\/v2\/types\/post"}],"author":[{"embeddable":true,"href":"https:\/\/migracao.redenoticia.com.br\/noticia\/wp-json\/wp\/v2\/users\/2"}],"replies":[{"embeddable":true,"href":"https:\/\/migracao.redenoticia.com.br\/noticia\/wp-json\/wp\/v2\/comments?post=8542"}],"version-history":[{"count":0,"href":"https:\/\/migracao.redenoticia.com.br\/noticia\/wp-json\/wp\/v2\/posts\/8542\/revisions"}],"wp:attachment":[{"href":"https:\/\/migracao.redenoticia.com.br\/noticia\/wp-json\/wp\/v2\/media?parent=8542"}],"wp:term":[{"taxonomy":"category","embeddable":true,"href":"https:\/\/migracao.redenoticia.com.br\/noticia\/wp-json\/wp\/v2\/categories?post=8542"},{"taxonomy":"post_tag","embeddable":true,"href":"https:\/\/migracao.redenoticia.com.br\/noticia\/wp-json\/wp\/v2\/tags?post=8542"}],"curies":[{"name":"wp","href":"https:\/\/api.w.org\/{rel}","templated":true}]}}