{"id":85450,"date":"2016-05-02T15:46:48","date_gmt":"2016-05-02T18:46:48","guid":{"rendered":"http:\/\/www.redenoticia.com.br\/noticia\/?p=85450"},"modified":"2016-05-02T15:46:48","modified_gmt":"2016-05-02T18:46:48","slug":"novela-anjo-mau-resumo-0305-julio-acusa-rodrigo-de-ter-iludido-nice","status":"publish","type":"post","link":"https:\/\/migracao.redenoticia.com.br\/noticia\/2016\/novela-anjo-mau-resumo-0305-julio-acusa-rodrigo-de-ter-iludido-nice\/85450","title":{"rendered":"Novela \u201cAnjo Mau\u201d resumo 03\/05: J\u00falio acusa Rodrigo de ter iludido Nice"},"content":{"rendered":"<p> <img loading=\"lazy\" decoding=\"async\" class=\"alignleft size-thumbnail wp-image-83094\" src=\"https:\/\/migracao.redenoticia.com.br\/noticia\/imagens\/anjo_mau_novela_resumo-150x112.jpg\" alt=\"anjo_mau_novela_resumo\" width=\"150\" height=\"112\" srcset=\"https:\/\/migracao.redenoticia.com.br\/noticia\/imagens\/anjo_mau_novela_resumo-150x112.jpg 150w, https:\/\/migracao.redenoticia.com.br\/noticia\/imagens\/anjo_mau_novela_resumo-265x198.jpg 265w\" sizes=\"auto, (max-width: 150px) 100vw, 150px\" \/><strong><em>Novela \u201cAnjo Mau\u201d resumo 03\/05<\/em><\/strong>: J\u00falio n\u00e3o se conforma com o fim do namoro com Nice e descobre que ela est\u00e1 sofrendo por causa de Rodrigo. Ele resolve procur\u00e1-la no servi\u00e7o. J\u00falio invade a sala da mans\u00e3o e acusa Rodrigo de ter iludido Nice. L\u00edgia, Ricardo e Paula tamb\u00e9m est\u00e3o na sala. Nice entra correndo, tenta deter J\u00falio e ele pede a Rodrigo que deixe de iludir Nice.<\/p>\n<p>No capitulo 027(*), novela \u201cAnjo Mau\u201d, ter\u00e7a-feira, 03 de maio \u2013 Paula diz a Stela que Nice est\u00e1 louca. Beny discute com Simone por causa de Tadeu. Nice aconselha Augusto a n\u00e3o falar nada a Stela sobre os encontros de Tadeu com Simone. Teresa telefona para Frederico e pede para se encontrar com ele. <\/p>\n<p>Paula suplica a Rui que mande matar Nice. Am\u00e9rico leva Cl\u00f4 a um show folcl\u00f3rico. Ela fica horrorizada. J\u00falio vai \u00e0 mans\u00e3o falar com Nice. Lu\u00eds Carlos avisa Augusto que vai correr no rali. <\/p>\n<p>Teresa vai \u00e0 fazenda de Frederico. J\u00falio invade a sala da mans\u00e3o e acusa Rodrigo de ter iludido Nice. L\u00edgia, Ricardo e Paula tamb\u00e9m est\u00e3o na sala. Nice entra correndo e tenta deter J\u00falio.<\/p>\n<p>(*) edi\u00e7\u00e3o da Rede Globo, Novela \u201cAnjo Mau\u201d, sujeito a altera\u00e7\u00e3o de data e conte\u00fado.<\/p>\n","protected":false},"excerpt":{"rendered":"<p>Novela \u201cAnjo Mau\u201d resumo 03\/05: J\u00falio n\u00e3o se conforma com o fim do namoro com Nice e descobre que ela est\u00e1 sofrendo por causa de Rodrigo. Ele resolve procur\u00e1-la no servi\u00e7o. J\u00falio invade a sala da mans\u00e3o e acusa Rodrigo de ter iludido Nice. L\u00edgia, Ricardo e Paula tamb\u00e9m est\u00e3o na sala. Nice entra correndo, [&hellip;]<\/p>\n","protected":false},"author":2,"featured_media":83094,"comment_status":"open","ping_status":"closed","sticky":false,"template":"","format":"standard","meta":{"tdm_status":"","tdm_grid_status":"","footnotes":""},"categories":[379,375,343],"tags":[441],"class_list":{"0":"post-85450","1":"post","2":"type-post","3":"status-publish","4":"format-standard","5":"has-post-thumbnail","7":"category-novelas","8":"category-rede-globo","9":"category-televisao","10":"tag-resumo-do-dia"},"_links":{"self":[{"href":"https:\/\/migracao.redenoticia.com.br\/noticia\/wp-json\/wp\/v2\/posts\/85450","targetHints":{"allow":["GET"]}}],"collection":[{"href":"https:\/\/migracao.redenoticia.com.br\/noticia\/wp-json\/wp\/v2\/posts"}],"about":[{"href":"https:\/\/migracao.redenoticia.com.br\/noticia\/wp-json\/wp\/v2\/types\/post"}],"author":[{"embeddable":true,"href":"https:\/\/migracao.redenoticia.com.br\/noticia\/wp-json\/wp\/v2\/users\/2"}],"replies":[{"embeddable":true,"href":"https:\/\/migracao.redenoticia.com.br\/noticia\/wp-json\/wp\/v2\/comments?post=85450"}],"version-history":[{"count":0,"href":"https:\/\/migracao.redenoticia.com.br\/noticia\/wp-json\/wp\/v2\/posts\/85450\/revisions"}],"wp:featuredmedia":[{"embeddable":true,"href":"https:\/\/migracao.redenoticia.com.br\/noticia\/wp-json\/wp\/v2\/media\/83094"}],"wp:attachment":[{"href":"https:\/\/migracao.redenoticia.com.br\/noticia\/wp-json\/wp\/v2\/media?parent=85450"}],"wp:term":[{"taxonomy":"category","embeddable":true,"href":"https:\/\/migracao.redenoticia.com.br\/noticia\/wp-json\/wp\/v2\/categories?post=85450"},{"taxonomy":"post_tag","embeddable":true,"href":"https:\/\/migracao.redenoticia.com.br\/noticia\/wp-json\/wp\/v2\/tags?post=85450"}],"curies":[{"name":"wp","href":"https:\/\/api.w.org\/{rel}","templated":true}]}}