{"id":85454,"date":"2016-05-02T16:09:19","date_gmt":"2016-05-02T19:09:19","guid":{"rendered":"http:\/\/www.redenoticia.com.br\/noticia\/?p=85454"},"modified":"2016-05-02T16:09:19","modified_gmt":"2016-05-02T19:09:19","slug":"novela-chamas-da-vida-resumo-0305-miguel-revela-crime-para-andressa","status":"publish","type":"post","link":"https:\/\/migracao.redenoticia.com.br\/noticia\/2016\/novela-chamas-da-vida-resumo-0305-miguel-revela-crime-para-andressa\/85454","title":{"rendered":"Novela \u201cChamas da Vida\u201d resumo 03\/05: Miguel revela crime para Andressa"},"content":{"rendered":"<p> <img loading=\"lazy\" decoding=\"async\" class=\"alignleft size-thumbnail wp-image-82020\" src=\"https:\/\/migracao.redenoticia.com.br\/noticia\/imagens\/chamas_da_vida_resumo_novela-150x112.jpeg\" alt=\"chamas_da_vida_resumo_novela\" width=\"150\" height=\"112\" \/><strong><em>Novela \u201cChamas da Vida\u201d resumo 03\/05<\/em><\/strong>: Miguel conta para Andressa que matou Jo\u00e3o, o marido de Vilma. Ele conta que Jo\u00e3o o apanhou com Vilma na cama, os dois lutaram e Jo\u00e3o morreu, e que Vilma pediu a um m\u00e9dico legista que confirmasse que a morte foi por enfarte. Ele tamb\u00e9m diz que o assassino de Walter \u00e9 a mesma pessoa que roubou as placas da f\u00eanix. Andressa diz que est\u00e1 confusa e pergunta onde est\u00e1 o legista que pode estar a chantagear Vilma. Miguel diz que n\u00e3o faz a menor id\u00e9ia.<\/p>\n<p>No capitulo 130 (*), novela \u201cChamas da Vida\u201d, ter\u00e7a-feira, 03 de maio \u2013 Miguel diz que precisa de contar a Andressa sobre a sua rela\u00e7\u00e3o com Vilma. Miguel diz que matou Jo\u00e3o, o marido de Vilma. Ele conta que Jo\u00e3o o apanhou com Vilma na cama. Os dois lutaram e Jo\u00e3o morreu, mas Vilma pediu a um m\u00e9dico legista que confirmasse que a morte foi por enfarte. Miguel disse que teve medo de contar a verdade e ser preso. Vilma o manipulou e ele acatou. Miguel diz que Vilma n\u00e3o matou Walter. Andressa pergunta quem pode estar a fazer isto. Miguel diz que \u00e9 a mesma pessoa que roubou as placas da f\u00eanix. <\/p>\n<p>Vilma diz a Tomas que algu\u00e9m est\u00e1 a querer incrimin\u00e1-la e o pior \u00e9 que ela n\u00e3o tem como provar que estava noutro lugar na hora que Walter morreu. Vilma mente a Tom\u00e1s, dizendo que estava a conduzir na hora do encontro. Raissa diz a Caz\u00e9 que n\u00e3o deixou de gostar dele. Ela diz que ele a pressiona e que n\u00e3o gosta que ela cuide de Gabriel. Vivi diz a Beatriz que est\u00e1 com medo de fazer o aborto. Beatriz abra\u00e7a Vivi. Lipe, disfar\u00e7ado com uma bata de m\u00e9dico, com a pele mulata e olhos verdes, entra no hospital. <\/p>\n<p>Miguel diz a Andressa que se ela quiser ir-se embora de casa dele, ele vai entender. Ela diz que est\u00e1 confusa. Andressa pergunta onde est\u00e1 o legista que pode estar a chantagear Vilma. Miguel diz que n\u00e3o faz a menor id\u00e9ia. Roseclair diz a Guilherme que ele vai ter alta. Michele e Guilherme fazem as pazes e combinam ficar amigos. Guilherme diz que a doen\u00e7a o fez perder as duas coisas que ele mais amava: o trabalho de bombeiro e Michele. Beatriz diz a Vilma que chegou depois da explos\u00e3o. Vilma diz que muita gente sabia do encontro e que qualquer um podia ter feito.<\/p>\n<p>(*) edi\u00e7\u00e3o da Rede Record, Novela \u201cChamas da Vida\u201d, sujeito a altera\u00e7\u00e3o de data e conte\u00fado.<\/p>\n","protected":false},"excerpt":{"rendered":"<p>Novela \u201cChamas da Vida\u201d resumo 03\/05: Miguel conta para Andressa que matou Jo\u00e3o, o marido de Vilma. Ele conta que Jo\u00e3o o apanhou com Vilma na cama, os dois lutaram e Jo\u00e3o morreu, e que Vilma pediu a um m\u00e9dico legista que confirmasse que a morte foi por enfarte. Ele tamb\u00e9m diz que o assassino [&hellip;]<\/p>\n","protected":false},"author":2,"featured_media":82020,"comment_status":"open","ping_status":"closed","sticky":false,"template":"","format":"standard","meta":{"tdm_status":"","tdm_grid_status":"","footnotes":""},"categories":[379,371,343],"tags":[441],"class_list":{"0":"post-85454","1":"post","2":"type-post","3":"status-publish","4":"format-standard","5":"has-post-thumbnail","7":"category-novelas","8":"category-rede-record","9":"category-televisao","10":"tag-resumo-do-dia"},"_links":{"self":[{"href":"https:\/\/migracao.redenoticia.com.br\/noticia\/wp-json\/wp\/v2\/posts\/85454","targetHints":{"allow":["GET"]}}],"collection":[{"href":"https:\/\/migracao.redenoticia.com.br\/noticia\/wp-json\/wp\/v2\/posts"}],"about":[{"href":"https:\/\/migracao.redenoticia.com.br\/noticia\/wp-json\/wp\/v2\/types\/post"}],"author":[{"embeddable":true,"href":"https:\/\/migracao.redenoticia.com.br\/noticia\/wp-json\/wp\/v2\/users\/2"}],"replies":[{"embeddable":true,"href":"https:\/\/migracao.redenoticia.com.br\/noticia\/wp-json\/wp\/v2\/comments?post=85454"}],"version-history":[{"count":0,"href":"https:\/\/migracao.redenoticia.com.br\/noticia\/wp-json\/wp\/v2\/posts\/85454\/revisions"}],"wp:featuredmedia":[{"embeddable":true,"href":"https:\/\/migracao.redenoticia.com.br\/noticia\/wp-json\/wp\/v2\/media\/82020"}],"wp:attachment":[{"href":"https:\/\/migracao.redenoticia.com.br\/noticia\/wp-json\/wp\/v2\/media?parent=85454"}],"wp:term":[{"taxonomy":"category","embeddable":true,"href":"https:\/\/migracao.redenoticia.com.br\/noticia\/wp-json\/wp\/v2\/categories?post=85454"},{"taxonomy":"post_tag","embeddable":true,"href":"https:\/\/migracao.redenoticia.com.br\/noticia\/wp-json\/wp\/v2\/tags?post=85454"}],"curies":[{"name":"wp","href":"https:\/\/api.w.org\/{rel}","templated":true}]}}