{"id":85458,"date":"2016-05-02T18:28:45","date_gmt":"2016-05-02T21:28:45","guid":{"rendered":"http:\/\/www.redenoticia.com.br\/noticia\/?p=85458"},"modified":"2016-05-02T16:35:20","modified_gmt":"2016-05-02T19:35:20","slug":"novela-meu-coracao-e-teu-resumo-0305-ana-confronta-yolanda","status":"publish","type":"post","link":"https:\/\/migracao.redenoticia.com.br\/noticia\/2016\/novela-meu-coracao-e-teu-resumo-0305-ana-confronta-yolanda\/85458","title":{"rendered":"Novela \u201cMeu Cora\u00e7\u00e3o \u00e9 Teu\u201d resumo 03\/05: Ana confronta Yolanda"},"content":{"rendered":"<p> <img loading=\"lazy\" decoding=\"async\" class=\"alignleft size-thumbnail wp-image-82119\" src=\"https:\/\/migracao.redenoticia.com.br\/noticia\/imagens\/meu_coracao_e_teu_novela_resumo_sbt-150x112.jpg\" alt=\"meu_coracao_e_teu_novela_resumo_sbt\" width=\"150\" height=\"112\" srcset=\"https:\/\/migracao.redenoticia.com.br\/noticia\/imagens\/meu_coracao_e_teu_novela_resumo_sbt-150x112.jpg 150w, https:\/\/migracao.redenoticia.com.br\/noticia\/imagens\/meu_coracao_e_teu_novela_resumo_sbt-265x198.jpg 265w\" sizes=\"auto, (max-width: 150px) 100vw, 150px\" \/><strong><em>Novela \u201cMeu Cora\u00e7\u00e3o \u00e9 Teu\u201d resumo 03\/05<\/em><\/strong>: ao saber da hist\u00f3ria da m\u00e3e de Ana, Isabela aproveita a oportunidade para enganar a bab\u00e1. Ela convence Yolanda a se passar por m\u00e3e de Ana e, no come\u00e7o, o plano d\u00e1 certo. Mas Ana pede autoriza\u00e7\u00e3o de Yolanda para fazer um teste de DNA e Diego a acompanha ao laborat\u00f3rio. Ana descobre que Yolanda n\u00e3o \u00e9 sua m\u00e3e e a confronta. Nicolas diz a Ana que eles precisam informar Fernando do que ocorreu. Ao saber do acontecido, Fernando acredita que Isabela planejou tudo. Ele conversa com Isabela e a adverte que o que fez a Ana vai ter s\u00e9rias consequ\u00eancias.<\/p>\n<p>No cap\u00edtulo 047 (*), novela \u201cMeu Cora\u00e7\u00e3o \u00e9 Teu\u201d, ter\u00e7a-feira, 03 de maio \u2013 Isabela se oferece para comprar um novo guarda-roupas para Alicia. Nando conta uma hist\u00f3ria a seus irm\u00e3os. Henrique contrata um homem para fazer uma montagem de uma fotografia de Ana. Nicolas e Jennifer veem os convites do seu casamento. <\/p>\n<p>Ana confronta Yolanda e diz que j\u00e1 sabe que ela n\u00e3o \u00e9 sua m\u00e3e. Nicolas diz a Ana que eles precisam informar Fernando do que ocorreu. Bruno diz a Manuela que n\u00e3o permitir\u00e1 que ela pague uma d\u00edvida que n\u00e3o \u00e9 dela com Nicolas. Fanny vai atr\u00e1s da m\u00e3e de Leon para propor que ela prepare a comida para o casamento de seu av\u00f4. Henrique est\u00e1 decidido a n\u00e3o descansar at\u00e9 que Fanny seja sua. <\/p>\n<p>Alicia discute com seu pai para defender Isabela. Fanny comenta com Ana que de acordo com as provas do conselheiro vocacional, ela poderia estudar pedagogia, sociologia ou ecologia. O m\u00e9dico da alta a Helena e a recomenda a n\u00e3o deixar seus rem\u00e9dios e a continuar com suas consultas. Fernando confessa a Ana que n\u00e3o consegue dormir com todas as preocupa\u00e7\u00f5es que tem. Ana confessa a Jennifer que as vezes volta a sentir a mesma sensa\u00e7\u00e3o estranha que tinha quando estava no orfanato.<\/p>\n<p>(*) edi\u00e7\u00e3o do SBT, Novela \u201cMeu Cora\u00e7\u00e3o \u00e9 Teu\u201d, sujeito a altera\u00e7\u00e3o de data e conte\u00fado.<\/p>\n","protected":false},"excerpt":{"rendered":"<p>Novela \u201cMeu Cora\u00e7\u00e3o \u00e9 Teu\u201d resumo 03\/05: ao saber da hist\u00f3ria da m\u00e3e de Ana, Isabela aproveita a oportunidade para enganar a bab\u00e1. Ela convence Yolanda a se passar por m\u00e3e de Ana e, no come\u00e7o, o plano d\u00e1 certo. Mas Ana pede autoriza\u00e7\u00e3o de Yolanda para fazer um teste de DNA e Diego a [&hellip;]<\/p>\n","protected":false},"author":2,"featured_media":82119,"comment_status":"open","ping_status":"closed","sticky":false,"template":"","format":"standard","meta":{"tdm_status":"","tdm_grid_status":"","footnotes":""},"categories":[379,372,343],"tags":[441],"class_list":{"0":"post-85458","1":"post","2":"type-post","3":"status-publish","4":"format-standard","5":"has-post-thumbnail","7":"category-novelas","8":"category-sbt","9":"category-televisao","10":"tag-resumo-do-dia"},"_links":{"self":[{"href":"https:\/\/migracao.redenoticia.com.br\/noticia\/wp-json\/wp\/v2\/posts\/85458","targetHints":{"allow":["GET"]}}],"collection":[{"href":"https:\/\/migracao.redenoticia.com.br\/noticia\/wp-json\/wp\/v2\/posts"}],"about":[{"href":"https:\/\/migracao.redenoticia.com.br\/noticia\/wp-json\/wp\/v2\/types\/post"}],"author":[{"embeddable":true,"href":"https:\/\/migracao.redenoticia.com.br\/noticia\/wp-json\/wp\/v2\/users\/2"}],"replies":[{"embeddable":true,"href":"https:\/\/migracao.redenoticia.com.br\/noticia\/wp-json\/wp\/v2\/comments?post=85458"}],"version-history":[{"count":0,"href":"https:\/\/migracao.redenoticia.com.br\/noticia\/wp-json\/wp\/v2\/posts\/85458\/revisions"}],"wp:featuredmedia":[{"embeddable":true,"href":"https:\/\/migracao.redenoticia.com.br\/noticia\/wp-json\/wp\/v2\/media\/82119"}],"wp:attachment":[{"href":"https:\/\/migracao.redenoticia.com.br\/noticia\/wp-json\/wp\/v2\/media?parent=85458"}],"wp:term":[{"taxonomy":"category","embeddable":true,"href":"https:\/\/migracao.redenoticia.com.br\/noticia\/wp-json\/wp\/v2\/categories?post=85458"},{"taxonomy":"post_tag","embeddable":true,"href":"https:\/\/migracao.redenoticia.com.br\/noticia\/wp-json\/wp\/v2\/tags?post=85458"}],"curies":[{"name":"wp","href":"https:\/\/api.w.org\/{rel}","templated":true}]}}