{"id":8546,"date":"2009-08-13T15:27:25","date_gmt":"2009-08-13T19:27:25","guid":{"rendered":"http:\/\/www.redenoticia.com.br\/noticia\/?p=8546"},"modified":"2009-08-13T15:27:25","modified_gmt":"2009-08-13T19:27:25","slug":"frescatto-investe-na-formacao-de-seus-colaboradores","status":"publish","type":"post","link":"https:\/\/migracao.redenoticia.com.br\/noticia\/2009\/frescatto-investe-na-formacao-de-seus-colaboradores\/8546","title":{"rendered":"Frescatto investe na forma\u00e7\u00e3o de seus colaboradores"},"content":{"rendered":"<p>A Frescatto<em>, <\/em>marca de pescados do<em> <\/em>Frigor\u00edfico Jahu<em>, <\/em>est\u00e1 investindo na forma\u00e7\u00e3o de seus colaboradores. Prova disso \u00e9 o desenvolvimento do projeto \u201cClasse Anexa\u201d<em> <\/em>da empresa,<em> <\/em>que \u00e9 ministrado pelo Servi\u00e7o Social da Ind\u00fastria &#8211; SESI. A iniciativa tem como objetivo contribuir para o aperfei\u00e7oamento educacional dos profissionais da empresa.<\/p>\n<p>O curso \u00e9 destinado para os colaboradores com interesse em aprimorar seus conhecimentos e que n\u00e3o tenham conclu\u00eddo os estudos do per\u00edodo entre 1\u00aa e a 4\u00aa s\u00e9rie do ensino fundamental. Nenhum deles \u00e9 obrigado a participar, e a empresa realiza apenas um trabalho de sensibiliza\u00e7\u00e3o juntos aos colaboradores, mostrando a import\u00e2ncia da conclus\u00e3o dos estudos na vida profissional. A partir da\u00ed, o corpo docente do curso diagnostica a escolaridade de cada pessoa inscrita e desenvolve um m\u00e9todo de estudo adequado para o aprendizado desse indiv\u00edduo, fornecendo ainda apoio pedag\u00f3gico sistem\u00e1tico e material did\u00e1tico.<\/p>\n<p>De acordo com a coordenadora de Recursos Humanos da empresa, Andr\u00e9a Stancato, o projeto trar\u00e1 benef\u00edcios n\u00e3o s\u00f3 para os colaboradores, mas tamb\u00e9m para a empresa e para sociedade. \u201c\u00c9 fundamental que as empresas privadas procurem investir na qualifica\u00e7\u00e3o e no aprendizado de seus funcion\u00e1rios. Vivemos um momento em que a oferta de informa\u00e7\u00e3o \u00e9 muito grande, e \u00e9 fundamental que todos acompanhem essa demanda. Por isso todos devem estar permanentemente atualizados sobre o que acontece no dia a dia da empresa, para a forma\u00e7\u00e3o de bons profissionais e cidad\u00e3os. Com o conhecimento, todo mundo sai ganhando\u201d, ressalta Andr\u00e9a.<\/p>\n<p>Para o s\u00f3cio-diretor da Frescatto, Thiago De Luca, o intuito da Classe Anexa \u00e9 aflorar as habilidades e o conhecimento dos funcion\u00e1rios da empresa. \u201cN\u00e3o temos a intens\u00e3o de alfabetiz\u00e1-los, pois isso eles j\u00e1 s\u00e3o. O prop\u00f3sito do projeto \u00e9 investir na capacidade e no conhecimento de muitos deles, que nem sempre conseguem explorar isso por conta pr\u00f3pria. Estamos dando as ferramentas para eles constru\u00edrem um futuro melhor e de engrandecimento, n\u00e3o s\u00f3 na vida profissional como na pessoal tamb\u00e9m\u201d, informa Thiago.<\/p>\n<p>Atualmente o projeto atende a cinq\u00fcenta funcion\u00e1rios, das mais variadas idades, divididos em duas classes. Todas as aulas s\u00e3o realizadas dentro da empresa, ap\u00f3s o hor\u00e1rio de expediente. Os participantes que conclu\u00edrem os doze meses de curso receber\u00e3o o certificado de conclus\u00e3o do SESI-RJ.<\/p>\n<p><strong>O Grupo Jahu e a Frescatto &#8211; <\/strong>O primeiro Frigor\u00edfico Jahu asceu no bairro de Moema, S\u00e3o Paulo, resultado da expans\u00e3o dos neg\u00f3cios originados a partir da rede de peixarias fundadas em 1945, no Rio de Janeiro e em Belo Horizonte, por Carmelo de Luca e filhos.<\/p>\n<p><strong> <\/strong><\/p>\n<p>Ao longo dos anos, a empresa foi adquirindo novas \u00e1reas, at\u00e9 se estabelecer em definitivo na atual localidade, em Duque de Caxias, Rio de Janeiro. Por meio de investimentos e moderniza\u00e7\u00e3o, obteve a aquisi\u00e7\u00e3o do SIF, certificados de qualidade e grandes melhorias no ambiente de trabalho, bem como produtos com maior seguran\u00e7a, originando a marca Frescatto.<\/p>\n<p>Com uma estrutura de capta\u00e7\u00e3o por todo o litoral brasileiro e atuando h\u00e1 mais de 30 anos na importa\u00e7\u00e3o de pescados, o Frigor\u00edfico Jahu oferece durante o ano inteiro produtos de alto padr\u00e3o, sejam eles nacionais ou internacionais.<\/p>\n<p><em>Andr\u00e9 Gonzalez <\/em><\/p>\n","protected":false},"excerpt":{"rendered":"<p>A Frescatto, marca de pescados do Frigor\u00edfico Jahu, est\u00e1 investindo na forma\u00e7\u00e3o de seus colaboradores. Prova disso \u00e9 o desenvolvimento do projeto \u201cClasse Anexa\u201d da empresa, que \u00e9 ministrado pelo Servi\u00e7o Social da Ind\u00fastria &#8211; SESI. A iniciativa tem como objetivo contribuir para o aperfei\u00e7oamento educacional dos profissionais da empresa. O curso \u00e9 destinado para [&hellip;]<\/p>\n","protected":false},"author":2,"featured_media":0,"comment_status":"open","ping_status":"open","sticky":false,"template":"","format":"standard","meta":{"tdm_status":"","tdm_grid_status":"","footnotes":""},"categories":[22,7],"tags":[],"class_list":{"0":"post-8546","1":"post","2":"type-post","3":"status-publish","4":"format-standard","6":"category-brasil","7":"category-economia"},"_links":{"self":[{"href":"https:\/\/migracao.redenoticia.com.br\/noticia\/wp-json\/wp\/v2\/posts\/8546","targetHints":{"allow":["GET"]}}],"collection":[{"href":"https:\/\/migracao.redenoticia.com.br\/noticia\/wp-json\/wp\/v2\/posts"}],"about":[{"href":"https:\/\/migracao.redenoticia.com.br\/noticia\/wp-json\/wp\/v2\/types\/post"}],"author":[{"embeddable":true,"href":"https:\/\/migracao.redenoticia.com.br\/noticia\/wp-json\/wp\/v2\/users\/2"}],"replies":[{"embeddable":true,"href":"https:\/\/migracao.redenoticia.com.br\/noticia\/wp-json\/wp\/v2\/comments?post=8546"}],"version-history":[{"count":0,"href":"https:\/\/migracao.redenoticia.com.br\/noticia\/wp-json\/wp\/v2\/posts\/8546\/revisions"}],"wp:attachment":[{"href":"https:\/\/migracao.redenoticia.com.br\/noticia\/wp-json\/wp\/v2\/media?parent=8546"}],"wp:term":[{"taxonomy":"category","embeddable":true,"href":"https:\/\/migracao.redenoticia.com.br\/noticia\/wp-json\/wp\/v2\/categories?post=8546"},{"taxonomy":"post_tag","embeddable":true,"href":"https:\/\/migracao.redenoticia.com.br\/noticia\/wp-json\/wp\/v2\/tags?post=8546"}],"curies":[{"name":"wp","href":"https:\/\/api.w.org\/{rel}","templated":true}]}}