{"id":85465,"date":"2016-05-02T19:42:29","date_gmt":"2016-05-02T22:42:29","guid":{"rendered":"http:\/\/www.redenoticia.com.br\/noticia\/?p=85465"},"modified":"2016-05-02T16:52:38","modified_gmt":"2016-05-02T19:52:38","slug":"novela-sila-resumo-0305-bedar-pede-ajuda-a-boran","status":"publish","type":"post","link":"https:\/\/migracao.redenoticia.com.br\/noticia\/2016\/novela-sila-resumo-0305-bedar-pede-ajuda-a-boran\/85465","title":{"rendered":"Novela \u201cSila\u201d resumo 03\/05: Bedar pede ajuda a Boran"},"content":{"rendered":"<p> <img loading=\"lazy\" decoding=\"async\" class=\"alignleft size-thumbnail wp-image-83098\" src=\"https:\/\/migracao.redenoticia.com.br\/noticia\/imagens\/sila_band_novela_resumo_capitulo-150x112.jpg\" alt=\"sila_band_novela_resumo_capitulo\" width=\"150\" height=\"112\" srcset=\"https:\/\/migracao.redenoticia.com.br\/noticia\/imagens\/sila_band_novela_resumo_capitulo-150x112.jpg 150w, https:\/\/migracao.redenoticia.com.br\/noticia\/imagens\/sila_band_novela_resumo_capitulo-265x198.jpg 265w\" sizes=\"auto, (max-width: 150px) 100vw, 150px\" \/><strong><em> Novela \u201cSila\u201d resumo 03\/05<\/em><\/strong>: Celil chega em Istambul para cumprir a tradi\u00e7\u00e3o e matar os filhos fugitivos. Bedar tamb\u00e9m chega em Istambul, mas ela quer proteger os filhos da miss\u00e3o do marido. Celil encontra Sila e Azad, mas perde a coragem e tenta se matar. Celil \u00e9 hospitalizado e recebe a visita de Sila e Bedar. Boran acompanha a trag\u00e9dia de longe, mas resolve visitar Celil. Bedar aproveita o encontro e pede ajuda a Boran.<\/p>\n<p>No capitulo 031 (*), novela \u201cSila\u201d, ter\u00e7a-feira, 03 de maio \u2013 Sila e Bedar chegam ao hospital para ver Celil e Boran acompanha tudo de longe. Cihan exige que Boran mate a esposa em nome da tradi\u00e7\u00e3o. Boran entra no quarto de Celil e Bedar pede ajuda a ele. <\/p>\n<p>Sila descobre que Emre mandou os seguran\u00e7as agredirem Celil. Sila decide brigar com o tio na justi\u00e7a para ficar com a heran\u00e7a dos pais.<\/p>\n<p> Celil sai do hospital e diz que n\u00e3o vai matar os pr\u00f3prios filhos. Narin foge e se encontra com Boran. Ele amea\u00e7a mat\u00e1-la, mas Sila liga bem na hora e ele desiste. Dihan diz que apoia a decis\u00e3o de Boran. Narin diz a Sila que Boran a ama. Bedar descobre a gravidez de Sila.<\/p>\n<p>(*) edi\u00e7\u00e3o da Band, Novela \u201cSila\u201d, sujeito a altera\u00e7\u00e3o de data e conte\u00fado.<\/p>\n","protected":false},"excerpt":{"rendered":"<p>Novela \u201cSila\u201d resumo 03\/05: Celil chega em Istambul para cumprir a tradi\u00e7\u00e3o e matar os filhos fugitivos. Bedar tamb\u00e9m chega em Istambul, mas ela quer proteger os filhos da miss\u00e3o do marido. Celil encontra Sila e Azad, mas perde a coragem e tenta se matar. Celil \u00e9 hospitalizado e recebe a visita de Sila e [&hellip;]<\/p>\n","protected":false},"author":2,"featured_media":83098,"comment_status":"open","ping_status":"closed","sticky":false,"template":"","format":"standard","meta":{"tdm_status":"","tdm_grid_status":"","footnotes":""},"categories":[390,379,343],"tags":[441],"class_list":{"0":"post-85465","1":"post","2":"type-post","3":"status-publish","4":"format-standard","5":"has-post-thumbnail","7":"category-band","8":"category-novelas","9":"category-televisao","10":"tag-resumo-do-dia"},"_links":{"self":[{"href":"https:\/\/migracao.redenoticia.com.br\/noticia\/wp-json\/wp\/v2\/posts\/85465","targetHints":{"allow":["GET"]}}],"collection":[{"href":"https:\/\/migracao.redenoticia.com.br\/noticia\/wp-json\/wp\/v2\/posts"}],"about":[{"href":"https:\/\/migracao.redenoticia.com.br\/noticia\/wp-json\/wp\/v2\/types\/post"}],"author":[{"embeddable":true,"href":"https:\/\/migracao.redenoticia.com.br\/noticia\/wp-json\/wp\/v2\/users\/2"}],"replies":[{"embeddable":true,"href":"https:\/\/migracao.redenoticia.com.br\/noticia\/wp-json\/wp\/v2\/comments?post=85465"}],"version-history":[{"count":0,"href":"https:\/\/migracao.redenoticia.com.br\/noticia\/wp-json\/wp\/v2\/posts\/85465\/revisions"}],"wp:featuredmedia":[{"embeddable":true,"href":"https:\/\/migracao.redenoticia.com.br\/noticia\/wp-json\/wp\/v2\/media\/83098"}],"wp:attachment":[{"href":"https:\/\/migracao.redenoticia.com.br\/noticia\/wp-json\/wp\/v2\/media?parent=85465"}],"wp:term":[{"taxonomy":"category","embeddable":true,"href":"https:\/\/migracao.redenoticia.com.br\/noticia\/wp-json\/wp\/v2\/categories?post=85465"},{"taxonomy":"post_tag","embeddable":true,"href":"https:\/\/migracao.redenoticia.com.br\/noticia\/wp-json\/wp\/v2\/tags?post=85465"}],"curies":[{"name":"wp","href":"https:\/\/api.w.org\/{rel}","templated":true}]}}