{"id":85471,"date":"2016-05-02T17:16:08","date_gmt":"2016-05-02T20:16:08","guid":{"rendered":"http:\/\/www.redenoticia.com.br\/noticia\/?p=85471"},"modified":"2016-05-02T17:16:08","modified_gmt":"2016-05-02T20:16:08","slug":"novela-eta-mundo-bom-resumo-0305-alcides-e-preso","status":"publish","type":"post","link":"https:\/\/migracao.redenoticia.com.br\/noticia\/2016\/novela-eta-mundo-bom-resumo-0305-alcides-e-preso\/85471","title":{"rendered":"Novela \u201cEta Mundo Bom\u201d resumo 03\/05: Alcides \u00e9 preso"},"content":{"rendered":"<p> <img loading=\"lazy\" decoding=\"async\" class=\"alignleft size-thumbnail wp-image-82131\" src=\"https:\/\/migracao.redenoticia.com.br\/noticia\/imagens\/eta_mundo_bom_globo_novela_resumo-150x112.jpg\" alt=\"eta_mundo_bom_globo_novela_resumo\" width=\"150\" height=\"112\" srcset=\"https:\/\/migracao.redenoticia.com.br\/noticia\/imagens\/eta_mundo_bom_globo_novela_resumo-150x112.jpg 150w, https:\/\/migracao.redenoticia.com.br\/noticia\/imagens\/eta_mundo_bom_globo_novela_resumo-265x198.jpg 265w\" sizes=\"auto, (max-width: 150px) 100vw, 150px\" \/><strong><em>Novela \u201cEta Mundo Bom\u201d resumo 03\/05<\/em><\/strong>: Eponina sonha em arrumar logo um noivo para se casar, mas Alcides, seu mais novo pretendente, \u00e9 louco. Depois de descobrir que suas oito esposas anteriores morreram queimadas, a solteirona o expulsa da fazenda. E isso \u00e9 um prato cheio para a sua vingan\u00e7a. \u00c0 noite, quando todos est\u00e3o dormindo, o homem aparece com um gal\u00e3o de combust\u00edvel para queimar a fazenda. Z\u00e9 dos Porcos imobiliza Alcides e alerta a fam\u00edlia de Cunegundes sobre o inc\u00eandio. Alcides \u00e9 preso. Depois da quase desgra\u00e7a, a fam\u00edlia tem um pouco de alegria. Cunegundes recebe a carta de Filomena avisando sobre a compra da fazenda.<\/p>\n<p>No capitulo 092(*), novela \u201cEta Mundo Bom\u201d, ter\u00e7a-feira, 03 de maio \u2013 Sandra se insinua para Candinho e os dois se beijam. Z\u00e9 dos Porcos imobiliza Alcides e alerta a fam\u00edlia de Cunegundes sobre o inc\u00eandio, que consegue conter o fogo. <\/p>\n<p>Alcides \u00e9 preso. Cunegundes recebe a carta de Filomena avisando sobre a compra da fazenda. Clarice avisa a Filomena para tomar cuidado com N\u00e1dia e Perseu. <\/p>\n<p>Ernesto e Sandra tramam contra Candinho e Celso se incomoda. Severo garante a Diana que n\u00e3o ser\u00e1 mais enganado por ela. Filomena e Fragoso chegam \u00e0 fazenda. Anast\u00e1cia questiona o paradeiro de Sandra.<\/p>\n<p>(*) edi\u00e7\u00e3o da Rede Globo, Novela \u201cEta Mundo Bom\u201d, sujeito a altera\u00e7\u00e3o de data e conte\u00fado.<\/p>\n","protected":false},"excerpt":{"rendered":"<p>Novela \u201cEta Mundo Bom\u201d resumo 03\/05: Eponina sonha em arrumar logo um noivo para se casar, mas Alcides, seu mais novo pretendente, \u00e9 louco. Depois de descobrir que suas oito esposas anteriores morreram queimadas, a solteirona o expulsa da fazenda. E isso \u00e9 um prato cheio para a sua vingan\u00e7a. \u00c0 noite, quando todos est\u00e3o [&hellip;]<\/p>\n","protected":false},"author":2,"featured_media":82131,"comment_status":"open","ping_status":"closed","sticky":false,"template":"","format":"standard","meta":{"tdm_status":"","tdm_grid_status":"","footnotes":""},"categories":[379,375,343],"tags":[441],"class_list":{"0":"post-85471","1":"post","2":"type-post","3":"status-publish","4":"format-standard","5":"has-post-thumbnail","7":"category-novelas","8":"category-rede-globo","9":"category-televisao","10":"tag-resumo-do-dia"},"_links":{"self":[{"href":"https:\/\/migracao.redenoticia.com.br\/noticia\/wp-json\/wp\/v2\/posts\/85471","targetHints":{"allow":["GET"]}}],"collection":[{"href":"https:\/\/migracao.redenoticia.com.br\/noticia\/wp-json\/wp\/v2\/posts"}],"about":[{"href":"https:\/\/migracao.redenoticia.com.br\/noticia\/wp-json\/wp\/v2\/types\/post"}],"author":[{"embeddable":true,"href":"https:\/\/migracao.redenoticia.com.br\/noticia\/wp-json\/wp\/v2\/users\/2"}],"replies":[{"embeddable":true,"href":"https:\/\/migracao.redenoticia.com.br\/noticia\/wp-json\/wp\/v2\/comments?post=85471"}],"version-history":[{"count":0,"href":"https:\/\/migracao.redenoticia.com.br\/noticia\/wp-json\/wp\/v2\/posts\/85471\/revisions"}],"wp:featuredmedia":[{"embeddable":true,"href":"https:\/\/migracao.redenoticia.com.br\/noticia\/wp-json\/wp\/v2\/media\/82131"}],"wp:attachment":[{"href":"https:\/\/migracao.redenoticia.com.br\/noticia\/wp-json\/wp\/v2\/media?parent=85471"}],"wp:term":[{"taxonomy":"category","embeddable":true,"href":"https:\/\/migracao.redenoticia.com.br\/noticia\/wp-json\/wp\/v2\/categories?post=85471"},{"taxonomy":"post_tag","embeddable":true,"href":"https:\/\/migracao.redenoticia.com.br\/noticia\/wp-json\/wp\/v2\/tags?post=85471"}],"curies":[{"name":"wp","href":"https:\/\/api.w.org\/{rel}","templated":true}]}}