{"id":85475,"date":"2016-05-02T20:19:51","date_gmt":"2016-05-02T23:19:51","guid":{"rendered":"http:\/\/www.redenoticia.com.br\/noticia\/?p=85475"},"modified":"2016-05-02T17:23:38","modified_gmt":"2016-05-02T20:23:38","slug":"novela-velho-chico-resumo-0305-miguel-visita-a-fazenda-com-afranio","status":"publish","type":"post","link":"https:\/\/migracao.redenoticia.com.br\/noticia\/2016\/novela-velho-chico-resumo-0305-miguel-visita-a-fazenda-com-afranio\/85475","title":{"rendered":"Novela \u201cVelho Chico\u201d resumo 03\/05: Miguel visita a fazenda com Afr\u00e2nio"},"content":{"rendered":"<p> <img loading=\"lazy\" decoding=\"async\" class=\"alignleft size-thumbnail wp-image-82169\" src=\"https:\/\/migracao.redenoticia.com.br\/noticia\/imagens\/velho_chico_novela_resumo_globo-150x112.jpg\" alt=\"velho_chico_novela_resumo_globo\" width=\"150\" height=\"112\" srcset=\"https:\/\/migracao.redenoticia.com.br\/noticia\/imagens\/velho_chico_novela_resumo_globo-150x112.jpg 150w, https:\/\/migracao.redenoticia.com.br\/noticia\/imagens\/velho_chico_novela_resumo_globo-265x198.jpg 265w\" sizes=\"auto, (max-width: 150px) 100vw, 150px\" \/><strong><em>Novela \u201cVelho Chico\u201d resumo 03\/05<\/em><\/strong>: o coronel Afr\u00e2nio recebe o neto com festa e acredita que Miguel vai seguir seus passos e ser um novo Saru\u00ea. Ap\u00f3s as festan\u00e7as, Afr\u00e2nio leva o neto para conhecer suas terras e ele fica impressionado com o tamanho da propriedade. Miguel v\u00ea que a maior parte das terras \u00e9 caatinga e sugere que o av\u00f4 plante tamb\u00e9m nesta \u00e1rea. Mas, o coronel diz que a \u00e1rea n\u00e3o presta e deixa o neto inconformado. Miguel se preocupa, pois fica claro para ele que o av\u00f4 n\u00e3o vai aceitar f\u00e1cil suas ideias de unir agronomia e preserva\u00e7\u00e3o do meio ambiente, e de mudar a forma como \u00e9 feito o plantio na fazenda. Miguel sente que vai bater de frente com o av\u00f4.<\/p>\n<p>No capitulo 044 (*), novela \u201cVelho Chico\u201d, ter\u00e7a-feira, 03 de maio \u2013 Padre Rom\u00e3o acolhe Santo, que passou a noite fora de casa. Piedade repreende Ol\u00edvia por defender o pai. C\u00edcero alimenta suas esperan\u00e7as de ficar com Tereza. <\/p>\n<p>Encarna\u00e7\u00e3o avisa a Iolanda que Martim voltar\u00e1 em breve. Miguel se preocupa ao visitar as terras da fazenda com Afr\u00e2nio. Santo pede desculpas a Luzia por seu comportamento. <\/p>\n<p>Piedade aconselha Lucas sobre Ol\u00edvia. Ol\u00edvia afirma a Lucas que deseja ser sua amiga. Bento e Beatriz se aproximam. Martim chega ao s\u00edtio em que Leonor morava antes de conhecer Afr\u00e2nio.<\/p>\n<p>(*) edi\u00e7\u00e3o da Rede Globo, Novela \u201cVelho Chico\u201d, sujeito a altera\u00e7\u00e3o de data e conte\u00fado.<\/p>\n","protected":false},"excerpt":{"rendered":"<p>Novela \u201cVelho Chico\u201d resumo 03\/05: o coronel Afr\u00e2nio recebe o neto com festa e acredita que Miguel vai seguir seus passos e ser um novo Saru\u00ea. Ap\u00f3s as festan\u00e7as, Afr\u00e2nio leva o neto para conhecer suas terras e ele fica impressionado com o tamanho da propriedade. Miguel v\u00ea que a maior parte das terras \u00e9 [&hellip;]<\/p>\n","protected":false},"author":2,"featured_media":84125,"comment_status":"open","ping_status":"closed","sticky":false,"template":"","format":"standard","meta":{"tdm_status":"","tdm_grid_status":"","footnotes":""},"categories":[379,375,343],"tags":[441],"class_list":{"0":"post-85475","1":"post","2":"type-post","3":"status-publish","4":"format-standard","5":"has-post-thumbnail","7":"category-novelas","8":"category-rede-globo","9":"category-televisao","10":"tag-resumo-do-dia"},"_links":{"self":[{"href":"https:\/\/migracao.redenoticia.com.br\/noticia\/wp-json\/wp\/v2\/posts\/85475","targetHints":{"allow":["GET"]}}],"collection":[{"href":"https:\/\/migracao.redenoticia.com.br\/noticia\/wp-json\/wp\/v2\/posts"}],"about":[{"href":"https:\/\/migracao.redenoticia.com.br\/noticia\/wp-json\/wp\/v2\/types\/post"}],"author":[{"embeddable":true,"href":"https:\/\/migracao.redenoticia.com.br\/noticia\/wp-json\/wp\/v2\/users\/2"}],"replies":[{"embeddable":true,"href":"https:\/\/migracao.redenoticia.com.br\/noticia\/wp-json\/wp\/v2\/comments?post=85475"}],"version-history":[{"count":0,"href":"https:\/\/migracao.redenoticia.com.br\/noticia\/wp-json\/wp\/v2\/posts\/85475\/revisions"}],"wp:featuredmedia":[{"embeddable":true,"href":"https:\/\/migracao.redenoticia.com.br\/noticia\/wp-json\/wp\/v2\/media\/84125"}],"wp:attachment":[{"href":"https:\/\/migracao.redenoticia.com.br\/noticia\/wp-json\/wp\/v2\/media?parent=85475"}],"wp:term":[{"taxonomy":"category","embeddable":true,"href":"https:\/\/migracao.redenoticia.com.br\/noticia\/wp-json\/wp\/v2\/categories?post=85475"},{"taxonomy":"post_tag","embeddable":true,"href":"https:\/\/migracao.redenoticia.com.br\/noticia\/wp-json\/wp\/v2\/tags?post=85475"}],"curies":[{"name":"wp","href":"https:\/\/api.w.org\/{rel}","templated":true}]}}