{"id":8548,"date":"2009-08-13T15:30:56","date_gmt":"2009-08-13T19:30:56","guid":{"rendered":"http:\/\/www.redenoticia.com.br\/noticia\/?p=8548"},"modified":"2009-08-13T15:30:56","modified_gmt":"2009-08-13T19:30:56","slug":"aeronave-do-sipam-inicia-em-porto-velho-rondonia-mapeamento-dos-43-municipios-que-mais-desmatam","status":"publish","type":"post","link":"https:\/\/migracao.redenoticia.com.br\/noticia\/2009\/aeronave-do-sipam-inicia-em-porto-velho-rondonia-mapeamento-dos-43-municipios-que-mais-desmatam\/8548","title":{"rendered":"Aeronave do Sipam inicia em Porto Velho (Rond\u00f4nia) mapeamento dos 43 munic\u00edpios que mais desmatam"},"content":{"rendered":"<p>A aeronave R-99, produzida pela Embraer e de propriedade do Sistema de Prote\u00e7\u00e3o da Amaz\u00f4nia (Sipam), est\u00e1 realizando sobrevoos em Porto Velho (RO) para coletar imagens atrav\u00e9s do Radar SAR (Radar de Abertura Sint\u00e9tica), um dos tr\u00eas tipos de sensor instalados no avi\u00e3o. A capital de Rond\u00f4nia inaugura os trabalhos desse ano para o monitoramento do desmatamento nos 43 munic\u00edpios que mais desmatam na Amaz\u00f4nia, segundo rela\u00e7\u00e3o do Minist\u00e9rio do Meio Ambiente (MMA).<\/p>\n<figure id=\"attachment_8549\" aria-describedby=\"caption-attachment-8549\" style=\"width: 249px\" class=\"wp-caption alignleft\"><a href=\"https:\/\/migracao.redenoticia.com.br\/noticia\/imagens\/\/Tripua\u00e7\u00e3o-inicia-em-procedimentos-para-decolagem-da-R-99.jpg\"><img loading=\"lazy\" decoding=\"async\" class=\"size-medium wp-image-8549\" title=\"Tripua\u00e7\u00e3o inicia em procedimentos para decolagem da R-99\" src=\"https:\/\/migracao.redenoticia.com.br\/noticia\/imagens\/\/Tripua\u00e7\u00e3o-inicia-em-procedimentos-para-decolagem-da-R-99-249x187.jpg\" alt=\"R-99 que vai mapear Rond\u00f4nia\" width=\"249\" height=\"187\" \/><\/a><figcaption id=\"caption-attachment-8549\" class=\"wp-caption-text\">R-99 que vai mapear Rond\u00f4nia<\/figcaption><\/figure>\n<p>Em 2008, as imagens SAR gravadas de mar\u00e7o a dezembro pela aeronave foram utilizadas pelo Sipam para detec\u00e7\u00e3o de pol\u00edgonos de desmatamento dos 36 munic\u00edpios destacados inicialmente como principais focos de degrada\u00e7\u00e3o ambiental. Neste segundo ano, o Sipam d\u00e1 continuidade ao compromisso firmado com a Opera\u00e7\u00e3o Arco Verde do MMA, que est\u00e1 levando alternativas sustent\u00e1veis a esses munic\u00edpios. Com as imagens SAR, ser\u00e1 poss\u00edvel avaliar a efic\u00e1cia dos trabalhos em rela\u00e7\u00e3o ao desmatamento.<br \/>\nSobretudo na Amaz\u00f4nia, a utiliza\u00e7\u00e3o de imagens obtidas com o Radar SAR para visualiza\u00e7\u00e3o de desflorestamentos apresenta\u00a0 vantagens em rela\u00e7\u00e3o \u00e0s imagens de sat\u00e9lite. Como executa uma esp\u00e9cie de radiografia, o radar n\u00e3o sofre interfer\u00eancia de nuvens ou fuma\u00e7a como no caso dos sat\u00e9lites, que muitas vezes oferecem dados imprecisos pela dificuldade de visualiza\u00e7\u00e3o da superf\u00edcie terrestre. Com o R-99, \u00e9 poss\u00edvel produzir imagens durante todo o ano, sem sofrer preju\u00edzos das queimadas, na esta\u00e7\u00e3o seca, ou da umidade, na esta\u00e7\u00e3o chuvosa.<\/p>\n<p><strong>Tecnologia que protege a Amaz\u00f4nia<br \/>\n<\/strong>As tr\u00eas aeronaves R-99 e tamb\u00e9m cinco modelos E-99 ficam sob responsabilidade de um esquadr\u00e3o da Aeron\u00e1utica que visa a prote\u00e7\u00e3o da Amaz\u00f4nia. Seus aplicativos s\u00e3o utilizados tanto para controle ambiental, dos rios e florestas, quanto para defesa do espa\u00e7o a\u00e9reo e at\u00e9 mesmo j\u00e1 participaram de buscas pelos destro\u00e7os do Boeing 737 da Gol no Mato Grosso e do voo Air France 447, pr\u00f3ximo a Fernando de Noronha.<br \/>\nEm cada voo, s\u00e3o cerca de dez homens embarcados e investimentos de mais de quatro mil d\u00f3lares por hora no ar.<\/p>\n","protected":false},"excerpt":{"rendered":"<p>A aeronave R-99, produzida pela Embraer e de propriedade do Sistema de Prote\u00e7\u00e3o da Amaz\u00f4nia (Sipam), est\u00e1 realizando sobrevoos em Porto Velho (RO) para coletar imagens atrav\u00e9s do Radar SAR (Radar de Abertura Sint\u00e9tica), um dos tr\u00eas tipos de sensor instalados no avi\u00e3o. A capital de Rond\u00f4nia inaugura os trabalhos desse ano para o monitoramento [&hellip;]<\/p>\n","protected":false},"author":2,"featured_media":0,"comment_status":"open","ping_status":"open","sticky":false,"template":"","format":"standard","meta":{"tdm_status":"","tdm_grid_status":"","footnotes":""},"categories":[22],"tags":[],"class_list":{"0":"post-8548","1":"post","2":"type-post","3":"status-publish","4":"format-standard","6":"category-brasil"},"_links":{"self":[{"href":"https:\/\/migracao.redenoticia.com.br\/noticia\/wp-json\/wp\/v2\/posts\/8548","targetHints":{"allow":["GET"]}}],"collection":[{"href":"https:\/\/migracao.redenoticia.com.br\/noticia\/wp-json\/wp\/v2\/posts"}],"about":[{"href":"https:\/\/migracao.redenoticia.com.br\/noticia\/wp-json\/wp\/v2\/types\/post"}],"author":[{"embeddable":true,"href":"https:\/\/migracao.redenoticia.com.br\/noticia\/wp-json\/wp\/v2\/users\/2"}],"replies":[{"embeddable":true,"href":"https:\/\/migracao.redenoticia.com.br\/noticia\/wp-json\/wp\/v2\/comments?post=8548"}],"version-history":[{"count":0,"href":"https:\/\/migracao.redenoticia.com.br\/noticia\/wp-json\/wp\/v2\/posts\/8548\/revisions"}],"wp:attachment":[{"href":"https:\/\/migracao.redenoticia.com.br\/noticia\/wp-json\/wp\/v2\/media?parent=8548"}],"wp:term":[{"taxonomy":"category","embeddable":true,"href":"https:\/\/migracao.redenoticia.com.br\/noticia\/wp-json\/wp\/v2\/categories?post=8548"},{"taxonomy":"post_tag","embeddable":true,"href":"https:\/\/migracao.redenoticia.com.br\/noticia\/wp-json\/wp\/v2\/tags?post=8548"}],"curies":[{"name":"wp","href":"https:\/\/api.w.org\/{rel}","templated":true}]}}