{"id":85490,"date":"2016-05-03T10:19:02","date_gmt":"2016-05-03T13:19:02","guid":{"rendered":"http:\/\/www.redenoticia.com.br\/noticia\/?p=85490"},"modified":"2016-05-02T19:20:00","modified_gmt":"2016-05-02T22:20:00","slug":"vestibulinho-das-etecs-recebe-inscricoes-ate-11-de-maio","status":"publish","type":"post","link":"https:\/\/migracao.redenoticia.com.br\/noticia\/2016\/vestibulinho-das-etecs-recebe-inscricoes-ate-11-de-maio\/85490","title":{"rendered":"Vestibulinho das Etecs recebe inscri\u00e7\u00f5es at\u00e9 11 de maio"},"content":{"rendered":"<p> As inscri\u00e7\u00f5es do processo seletivo das Escolas T\u00e9cnicas Estaduais SP (Etecs) para o segundo semestre de 2016 v\u00e3o at\u00e9 o dia 11 de maio. O candidato deve se inscrever exclusivamente pelo\u00a0, e pagar a taxa de R$ 30. O exame ser\u00e1 no dia 19 de junho. O <em><strong>vestibulinho Etecs<\/strong><\/em> oferece 47.359 vagas, distribu\u00eddas entre os Ensinos T\u00e9cnico (presencial, semipresencial e on-line), T\u00e9cnico integrado ao M\u00e9dio na modalidade Educa\u00e7\u00e3o de Jovens e Adultos (EJA) e Especializa\u00e7\u00e3o T\u00e9cnica para as Etecs e as classes descentralizadas (unidades que funcionam com um ou mais cursos sob a administra\u00e7\u00e3o de uma escola t\u00e9cnica).<\/p>\n<p>Esse n\u00famero inclui 6.525 vagas para cursos t\u00e9cnicos em 95 escolas estaduais e 1.260 vagas em 21 Centros Educacionais Unificados (CEUs) da cidade de S\u00e3o Paulo, pelo conv\u00eanio firmado entre o Centro Paula Souza, a Secretaria da Educa\u00e7\u00e3o do Estado e a prefeitura da Capital. As aulas ser\u00e3o noturnas, ministradas por professores das Etecs.<\/p>\n<p>Especializa\u00e7\u00e3o de n\u00edvel m\u00e9dio<br \/>\nNeste vestibulinho, 161 vagas s\u00e3o destinadas aos quatro cursos de especializa\u00e7\u00e3o t\u00e9cnica: Desenvolvimento de Novos Produtos para a \u00c1rea de Ind\u00fastria Aliment\u00edcia, Enfermagem do Trabalho, Enfermagem no Atendimento em Urg\u00eancia e Emerg\u00eancia Intra e Extra Hospitalar e Log\u00edstica Reversa.<\/p>\n<p>Para fazer a inscri\u00e7\u00e3o para o curso de especializa\u00e7\u00e3o, al\u00e9m de ter conclu\u00eddo o Ensino M\u00e9dio o candidato precisa ter cursado integralmente o Ensino T\u00e9cnico associado ao curso de especializa\u00e7\u00e3o, conforme rela\u00e7\u00e3o dispon\u00edvel no site.<\/p>\n<p>O manual do candidato est\u00e1 dispon\u00edvel para\u00a0.<\/p>\n<p>Do Portal do Governo do Estado SP<\/p>\n","protected":false},"excerpt":{"rendered":"<p>As inscri\u00e7\u00f5es do processo seletivo das Escolas T\u00e9cnicas Estaduais SP (Etecs) para o segundo semestre de 2016 v\u00e3o at\u00e9 o dia 11 de maio. O candidato deve se inscrever exclusivamente pelo\u00a0, e pagar a taxa de R$ 30. O exame ser\u00e1 no dia 19 de junho. O vestibulinho Etecs oferece 47.359 vagas, distribu\u00eddas entre os [&hellip;]<\/p>\n","protected":false},"author":2,"featured_media":34896,"comment_status":"open","ping_status":"closed","sticky":false,"template":"","format":"standard","meta":{"tdm_status":"","tdm_grid_status":"","footnotes":""},"categories":[22,370,295],"tags":[],"class_list":{"0":"post-85490","1":"post","2":"type-post","3":"status-publish","4":"format-standard","5":"has-post-thumbnail","7":"category-brasil","8":"category-inscricao","9":"category-vestibular"},"_links":{"self":[{"href":"https:\/\/migracao.redenoticia.com.br\/noticia\/wp-json\/wp\/v2\/posts\/85490","targetHints":{"allow":["GET"]}}],"collection":[{"href":"https:\/\/migracao.redenoticia.com.br\/noticia\/wp-json\/wp\/v2\/posts"}],"about":[{"href":"https:\/\/migracao.redenoticia.com.br\/noticia\/wp-json\/wp\/v2\/types\/post"}],"author":[{"embeddable":true,"href":"https:\/\/migracao.redenoticia.com.br\/noticia\/wp-json\/wp\/v2\/users\/2"}],"replies":[{"embeddable":true,"href":"https:\/\/migracao.redenoticia.com.br\/noticia\/wp-json\/wp\/v2\/comments?post=85490"}],"version-history":[{"count":0,"href":"https:\/\/migracao.redenoticia.com.br\/noticia\/wp-json\/wp\/v2\/posts\/85490\/revisions"}],"wp:featuredmedia":[{"embeddable":true,"href":"https:\/\/migracao.redenoticia.com.br\/noticia\/wp-json\/wp\/v2\/media\/34896"}],"wp:attachment":[{"href":"https:\/\/migracao.redenoticia.com.br\/noticia\/wp-json\/wp\/v2\/media?parent=85490"}],"wp:term":[{"taxonomy":"category","embeddable":true,"href":"https:\/\/migracao.redenoticia.com.br\/noticia\/wp-json\/wp\/v2\/categories?post=85490"},{"taxonomy":"post_tag","embeddable":true,"href":"https:\/\/migracao.redenoticia.com.br\/noticia\/wp-json\/wp\/v2\/tags?post=85490"}],"curies":[{"name":"wp","href":"https:\/\/api.w.org\/{rel}","templated":true}]}}