{"id":85492,"date":"2016-05-03T10:20:04","date_gmt":"2016-05-03T13:20:04","guid":{"rendered":"http:\/\/www.redenoticia.com.br\/noticia\/?p=85492"},"modified":"2016-05-02T19:21:09","modified_gmt":"2016-05-02T22:21:09","slug":"hc-inaugura-equipamento-para-diagnostico-de-esclerose-multipla-por-imagem","status":"publish","type":"post","link":"https:\/\/migracao.redenoticia.com.br\/noticia\/2016\/hc-inaugura-equipamento-para-diagnostico-de-esclerose-multipla-por-imagem\/85492","title":{"rendered":"HC inaugura equipamento para diagn\u00f3stico de esclerose m\u00faltipla por imagem"},"content":{"rendered":"<p> O Hospital das Cl\u00ednicas da Faculdade de Medicina da USP, em S\u00e3o Paulo, acaba de ganhar o primeiro equipamento do SUS (Sistema \u00danico de Sa\u00fade) que integra, em um \u00fanico aparelho, PET (tomografia por emiss\u00e3o de p\u00f3sitrons) e resson\u00e2ncia magn\u00e9tica, representando um salto tecnol\u00f3gico no diagn\u00f3stico por imagem capaz de diagnosticar doen\u00e7as como <strong><em>esclerose m\u00faltipla<\/em><\/strong>.<\/p>\n<p>O PET\/RM, adquirido por meio da Funda\u00e7\u00e3o Faculdade de Medicina por R$ 10 milh\u00f5es, ser\u00e1 utilizado tanto para pesquisas quanto para o diagn\u00f3stico de pacientes com doen\u00e7as como c\u00e2ncer, doen\u00e7as cerebrais degenerativas, dentre outras enfermidades.<\/p>\n<p>Com a novidade, o HC realizar\u00e1 pesquisas capazes de chegar ao desenvolvimento de novas alternativas de tratamento e potencialmente de controle do tratamento de uma gama ampla de doen\u00e7as neurodegenerativas.<\/p>\n<p>Isso representar\u00e1 um ganho tanto na precis\u00e3o do diagn\u00f3stico como na r\u00e1pida defini\u00e7\u00e3o do tratamento, al\u00e9m da conveni\u00eancia da verifica\u00e7\u00e3o simult\u00e2nea da resson\u00e2ncia e PET em um \u00fanico exame para o paciente.<\/p>\n<p>Do Portal do Governo do Estado SP<\/p>\n","protected":false},"excerpt":{"rendered":"<p>O Hospital das Cl\u00ednicas da Faculdade de Medicina da USP, em S\u00e3o Paulo, acaba de ganhar o primeiro equipamento do SUS (Sistema \u00danico de Sa\u00fade) que integra, em um \u00fanico aparelho, PET (tomografia por emiss\u00e3o de p\u00f3sitrons) e resson\u00e2ncia magn\u00e9tica, representando um salto tecnol\u00f3gico no diagn\u00f3stico por imagem capaz de diagnosticar doen\u00e7as como esclerose m\u00faltipla. [&hellip;]<\/p>\n","protected":false},"author":2,"featured_media":37376,"comment_status":"open","ping_status":"closed","sticky":false,"template":"","format":"standard","meta":{"tdm_status":"","tdm_grid_status":"","footnotes":""},"categories":[22,5],"tags":[],"class_list":{"0":"post-85492","1":"post","2":"type-post","3":"status-publish","4":"format-standard","5":"has-post-thumbnail","7":"category-brasil","8":"category-saude-e-vida"},"_links":{"self":[{"href":"https:\/\/migracao.redenoticia.com.br\/noticia\/wp-json\/wp\/v2\/posts\/85492","targetHints":{"allow":["GET"]}}],"collection":[{"href":"https:\/\/migracao.redenoticia.com.br\/noticia\/wp-json\/wp\/v2\/posts"}],"about":[{"href":"https:\/\/migracao.redenoticia.com.br\/noticia\/wp-json\/wp\/v2\/types\/post"}],"author":[{"embeddable":true,"href":"https:\/\/migracao.redenoticia.com.br\/noticia\/wp-json\/wp\/v2\/users\/2"}],"replies":[{"embeddable":true,"href":"https:\/\/migracao.redenoticia.com.br\/noticia\/wp-json\/wp\/v2\/comments?post=85492"}],"version-history":[{"count":0,"href":"https:\/\/migracao.redenoticia.com.br\/noticia\/wp-json\/wp\/v2\/posts\/85492\/revisions"}],"wp:featuredmedia":[{"embeddable":true,"href":"https:\/\/migracao.redenoticia.com.br\/noticia\/wp-json\/wp\/v2\/media\/37376"}],"wp:attachment":[{"href":"https:\/\/migracao.redenoticia.com.br\/noticia\/wp-json\/wp\/v2\/media?parent=85492"}],"wp:term":[{"taxonomy":"category","embeddable":true,"href":"https:\/\/migracao.redenoticia.com.br\/noticia\/wp-json\/wp\/v2\/categories?post=85492"},{"taxonomy":"post_tag","embeddable":true,"href":"https:\/\/migracao.redenoticia.com.br\/noticia\/wp-json\/wp\/v2\/tags?post=85492"}],"curies":[{"name":"wp","href":"https:\/\/api.w.org\/{rel}","templated":true}]}}