{"id":85494,"date":"2016-05-03T10:21:16","date_gmt":"2016-05-03T13:21:16","guid":{"rendered":"http:\/\/www.redenoticia.com.br\/noticia\/?p=85494"},"modified":"2016-05-02T19:22:11","modified_gmt":"2016-05-02T22:22:11","slug":"inflacao-encerra-abril-com-alta-de-049","status":"publish","type":"post","link":"https:\/\/migracao.redenoticia.com.br\/noticia\/2016\/inflacao-encerra-abril-com-alta-de-049\/85494","title":{"rendered":"Infla\u00e7\u00e3o encerra abril com alta de 0,49%"},"content":{"rendered":"<p> O <strong><em>\u00cdndice de Pre\u00e7os ao Consumidor Semanal<\/em><\/strong> (IPC-S) encerrou abril com alta de 0,49% em sete capitais. A varia\u00e7\u00e3o \u00e9 0,11 ponto percentual maior que a registrada na terceira pr\u00e9via do m\u00eas (0,38%). Desde o come\u00e7o do ano, o \u00edndice j\u00e1 subiu 3,57% e, no acumulado dos \u00faltimos 12 meses, a alta atinge 9,24%.<\/p>\n<p>O levantamento \u00e9 feito pelo Instituto Brasileiro de Economia da Funda\u00e7\u00e3o Getulio Vargas (Ibre\/FGV) e se refere a pre\u00e7os pesquisados em S\u00e3o Paulo, Recife, Salvador, Rio de Janeiro, Belo Horizonte, Bras\u00edlia e Porto Alegre.<\/p>\n<p>Cinco dos oito grupos analisados apresentaram aumento no ritmo de corre\u00e7\u00e3o e o que mais pressionou a infla\u00e7\u00e3o no de abril foi o grupo sa\u00fade e cuidados pessoais (de 1,46% para 2,41%). O motivo foi o reajuste de pre\u00e7o dos medicamentos, que ficaram em m\u00e9dia 7,01% mais caros. Na \u00faltima medi\u00e7\u00e3o, foi constatado um salto de 3,5%.<\/p>\n<p>N\u00fameros<\/p>\n<p>Ocorreram acr\u00e9scimos ainda nos grupos vestu\u00e1rio (de 0,48% para 0,74%), transportes (de 0,26% para 0,32%), educa\u00e7\u00e3o, leitura e recrea\u00e7\u00e3o (de -0,13% para -0,09%) e despesas diversas (de 0,25% para 0,28%).<\/p>\n<p>J\u00e1 os demais grupos contribu\u00edram para atenuar essas eleva\u00e7\u00f5es. Em alimenta\u00e7\u00e3o, a taxa passou de 0,81% para 0,69%; em habita\u00e7\u00e3o (de -0,28% para -0,29%) e em comunica\u00e7\u00e3o (de 0,15% para 0,14%) .<\/p>\n<p>Os itens que mais pressionaram o \u00edndice foram vasodilatador para press\u00e3o arterial (6,79%); batata-inglesa (14,50%); tarifa de \u00f4nibus urbano (1,26%); plano e seguro de sa\u00fade (1,04%) e leite tipo longa vida (4,49%).<\/p>\n<p>J\u00e1 os produtos que ajudaram a aliviar o avan\u00e7o inflacion\u00e1rio foram tarifa de eletricidade residencial (-3,75%); tomate (-19,62%); etanol (-3,64%); excurs\u00e3o e tour (-3,71%) e condom\u00ednio residencial ( -0,45%).<\/p>\n<p>Marli Moreira &#8211; Rep\u00f3rter da Ag\u00eancia Brasil<br \/>\nEdi\u00e7\u00e3o: Kleber Sampaio<br \/>\n03\/05\/2016<\/p>\n","protected":false},"excerpt":{"rendered":"<p>O \u00cdndice de Pre\u00e7os ao Consumidor Semanal (IPC-S) encerrou abril com alta de 0,49% em sete capitais. A varia\u00e7\u00e3o \u00e9 0,11 ponto percentual maior que a registrada na terceira pr\u00e9via do m\u00eas (0,38%). Desde o come\u00e7o do ano, o \u00edndice j\u00e1 subiu 3,57% e, no acumulado dos \u00faltimos 12 meses, a alta atinge 9,24%. O [&hellip;]<\/p>\n","protected":false},"author":2,"featured_media":34916,"comment_status":"open","ping_status":"closed","sticky":false,"template":"","format":"standard","meta":{"tdm_status":"","tdm_grid_status":"","footnotes":""},"categories":[22,7],"tags":[],"class_list":{"0":"post-85494","1":"post","2":"type-post","3":"status-publish","4":"format-standard","5":"has-post-thumbnail","7":"category-brasil","8":"category-economia"},"_links":{"self":[{"href":"https:\/\/migracao.redenoticia.com.br\/noticia\/wp-json\/wp\/v2\/posts\/85494","targetHints":{"allow":["GET"]}}],"collection":[{"href":"https:\/\/migracao.redenoticia.com.br\/noticia\/wp-json\/wp\/v2\/posts"}],"about":[{"href":"https:\/\/migracao.redenoticia.com.br\/noticia\/wp-json\/wp\/v2\/types\/post"}],"author":[{"embeddable":true,"href":"https:\/\/migracao.redenoticia.com.br\/noticia\/wp-json\/wp\/v2\/users\/2"}],"replies":[{"embeddable":true,"href":"https:\/\/migracao.redenoticia.com.br\/noticia\/wp-json\/wp\/v2\/comments?post=85494"}],"version-history":[{"count":0,"href":"https:\/\/migracao.redenoticia.com.br\/noticia\/wp-json\/wp\/v2\/posts\/85494\/revisions"}],"wp:featuredmedia":[{"embeddable":true,"href":"https:\/\/migracao.redenoticia.com.br\/noticia\/wp-json\/wp\/v2\/media\/34916"}],"wp:attachment":[{"href":"https:\/\/migracao.redenoticia.com.br\/noticia\/wp-json\/wp\/v2\/media?parent=85494"}],"wp:term":[{"taxonomy":"category","embeddable":true,"href":"https:\/\/migracao.redenoticia.com.br\/noticia\/wp-json\/wp\/v2\/categories?post=85494"},{"taxonomy":"post_tag","embeddable":true,"href":"https:\/\/migracao.redenoticia.com.br\/noticia\/wp-json\/wp\/v2\/tags?post=85494"}],"curies":[{"name":"wp","href":"https:\/\/api.w.org\/{rel}","templated":true}]}}